{"id":169261,"date":"2022-03-29T06:18:01","date_gmt":"2022-03-29T10:18:01","guid":{"rendered":"https:\/\/mspontocom.com.br\/site\/?p=169261"},"modified":"2022-03-29T07:08:58","modified_gmt":"2022-03-29T11:08:58","slug":"apos-reveses-russia-deve-aceitar-entrada-da-ucrania-na-uniao-europeia","status":"publish","type":"post","link":"https:\/\/mspontocom.com.br\/site\/apos-reveses-russia-deve-aceitar-entrada-da-ucrania-na-uniao-europeia\/","title":{"rendered":"Ap\u00f3s reveses, R\u00fassia deve aceitar entrada da Ucr\u00e2nia na Uni\u00e3o Europeia"},"content":{"rendered":"<p style=\"text-align: justify;\"><img loading=\"lazy\" class=\"alignnone size-full wp-image-169269\" src=\"https:\/\/mspontocom.com.br\/site\/wp-content\/uploads\/2022\/03\/site-apos-revezes-russia-dev-aceitar-entrada-da-ucrania-na-uniao-europeia-putin.jpg\" alt=\"\" width=\"768\" height=\"512\" srcset=\"https:\/\/mspontocom.com.br\/site\/wp-content\/uploads\/2022\/03\/site-apos-revezes-russia-dev-aceitar-entrada-da-ucrania-na-uniao-europeia-putin.jpg 768w, https:\/\/mspontocom.com.br\/site\/wp-content\/uploads\/2022\/03\/site-apos-revezes-russia-dev-aceitar-entrada-da-ucrania-na-uniao-europeia-putin-260x173.jpg 260w\" sizes=\"(max-width: 768px) 100vw, 768px\" \/><\/p>\n<p style=\"text-align: justify;\">Ap\u00f3s reveses na guerra e enquanto discute a possibilidade de um cessar-fogo, a <strong>R\u00fassia<\/strong> passou a aceitar que a <strong>Ucr\u00e3nia\u00a0<\/strong>integre o bloco da <strong>Uni\u00e3o Europeia. <\/strong><\/p>\n<p style=\"text-align: justify;\">A condi\u00e7\u00e3o para que isso ocorra, por\u00e9m, seria a do governo de<strong> Zelensky<\/strong> se \u201cdesmilitarize\u201d.<\/p>\n<p style=\"text-align: justify;\">A justificativa dada pelo <strong>Kremlin<\/strong> de que iria \u201cdesnazificar\u201d o territ\u00f3rio ucraniano, j\u00e1 n\u00e3o s\u00e3o mais mencionadas nas negocia\u00e7\u00f5es de paz entre os pa\u00edses.<\/p>\n<p style=\"text-align: justify;\">David Arakhamia, membro da equipe de negocia\u00e7\u00e3o de Kiev, alegou\u00a0 a jornalistas, por\u00e9m, que ainda existem \u201cmuitos pontos n\u00e3o resolvidos\u201d para que o conflito acabe e que \u201ctodas as possibilidades\u201d est\u00e3o na mesa desde o in\u00edcio\u201d das tratativas.<\/p>\n","protected":false},"excerpt":{"rendered":"<p>Ap\u00f3s reveses na guerra e enquanto discute a possibilidade de um cessar-fogo, a R\u00fassia passou a aceitar que a Ucr\u00e3nia\u00a0integre o bloco da Uni\u00e3o Europeia. A condi\u00e7\u00e3o para que isso ocorra, por\u00e9m, seria a do governo de Zelensky se \u201cdesmilitarize\u201d. A justificativa dada pelo Kremlin de que iria \u201cdesnazificar\u201d o territ\u00f3rio ucraniano, j\u00e1 n\u00e3o s\u00e3o [&hellip;]<\/p>\n","protected":false},"author":2,"featured_media":169269,"comment_status":"open","ping_status":"open","sticky":false,"template":"","format":"standard","meta":{"_monsterinsights_skip_tracking":false,"_monsterinsights_sitenote_active":false,"_monsterinsights_sitenote_note":"","_monsterinsights_sitenote_category":0},"categories":[7],"tags":[],"aioseo_notices":[],"_links":{"self":[{"href":"https:\/\/mspontocom.com.br\/site\/wp-json\/wp\/v2\/posts\/169261"}],"collection":[{"href":"https:\/\/mspontocom.com.br\/site\/wp-json\/wp\/v2\/posts"}],"about":[{"href":"https:\/\/mspontocom.com.br\/site\/wp-json\/wp\/v2\/types\/post"}],"author":[{"embeddable":true,"href":"https:\/\/mspontocom.com.br\/site\/wp-json\/wp\/v2\/users\/2"}],"replies":[{"embeddable":true,"href":"https:\/\/mspontocom.com.br\/site\/wp-json\/wp\/v2\/comments?post=169261"}],"version-history":[{"count":3,"href":"https:\/\/mspontocom.com.br\/site\/wp-json\/wp\/v2\/posts\/169261\/revisions"}],"predecessor-version":[{"id":169276,"href":"https:\/\/mspontocom.com.br\/site\/wp-json\/wp\/v2\/posts\/169261\/revisions\/169276"}],"wp:featuredmedia":[{"embeddable":true,"href":"https:\/\/mspontocom.com.br\/site\/wp-json\/wp\/v2\/media\/169269"}],"wp:attachment":[{"href":"https:\/\/mspontocom.com.br\/site\/wp-json\/wp\/v2\/media?parent=169261"}],"wp:term":[{"taxonomy":"category","embeddable":true,"href":"https:\/\/mspontocom.com.br\/site\/wp-json\/wp\/v2\/categories?post=169261"},{"taxonomy":"post_tag","embeddable":true,"href":"https:\/\/mspontocom.com.br\/site\/wp-json\/wp\/v2\/tags?post=169261"}],"curies":[{"name":"wp","href":"https:\/\/api.w.org\/{rel}","templated":true}]}}