{"id":169302,"date":"2022-03-30T06:05:36","date_gmt":"2022-03-30T10:05:36","guid":{"rendered":"https:\/\/mspontocom.com.br\/site\/?p=169302"},"modified":"2022-03-30T06:05:36","modified_gmt":"2022-03-30T10:05:36","slug":"russia-comecou-retirada-de-tropas-em-kiev-dizem-eua","status":"publish","type":"post","link":"https:\/\/mspontocom.com.br\/site\/russia-comecou-retirada-de-tropas-em-kiev-dizem-eua\/","title":{"rendered":"R\u00fassia come\u00e7ou retirada de tropas em Kiev, dizem EUA"},"content":{"rendered":"<p style=\"text-align: justify;\"><img loading=\"lazy\" class=\"alignnone size-large wp-image-169312\" src=\"https:\/\/mspontocom.com.br\/site\/wp-content\/uploads\/2022\/03\/site-russia-comecou-retirada-de-tropas-em-kiev-dizem-eua-zelensky-1024x584.jpg\" alt=\"\" width=\"1024\" height=\"584\" \/>O porta-voz do Pent\u00e1gono, John Kirby, disse nesta 3\u00aa feira\u00a0 que houve uma \u201cmovimenta\u00e7\u00e3o de algumas unidades russas saindo de<strong> Kiev<\/strong>\u201d nos \u00faltimos dias.<\/p>\n<p style=\"text-align: justify;\">No entanto, Kirby afirma terem sido poucas tropas.<\/p>\n<p style=\"text-align: justify;\">O porta-voz destacou que o<strong> Pent\u00e1gono<\/strong> acredita ser apenas um \u201creposicionamento\u201d e n\u00e3o uma retirada real da capital ucraniana.<\/p>\n<p style=\"text-align: justify;\">Segundo ele, ainda \u00e9 cedo para julgar as poss\u00edveis a\u00e7\u00f5es futuras da <strong>R\u00fassia. <\/strong><\/p>\n<p style=\"text-align: justify;\">\u201cN\u00e3o significa que a amea\u00e7a a Kiev acabou\u201d, disse Kirby.<\/p>\n<p style=\"text-align: justify;\"><strong>ACORDO<\/strong><\/p>\n<p style=\"text-align: justify;\">A movimenta\u00e7\u00e3o das tropas ocorre depois do acordo entre R\u00fassia e <strong>Ucr\u00e2nia<\/strong> sobre a redu\u00e7\u00e3o de ataques em \u00e1reas pr\u00f3ximas a Kiev.<\/p>\n<p style=\"text-align: justify;\">Ap\u00f3s o t\u00e9rmino das conversas desta 3\u00aa feira (29.mar), o Minist\u00e9rio de Defesa russo anunciou o recuo das tropas e a redu\u00e7\u00e3o dos ataques nos arredores da capital\u00a0e de Chernihiv, ao norte do pa\u00eds.<\/p>\n","protected":false},"excerpt":{"rendered":"<p>O porta-voz do Pent\u00e1gono, John Kirby, disse nesta 3\u00aa feira\u00a0 que houve uma \u201cmovimenta\u00e7\u00e3o de algumas unidades russas saindo de Kiev\u201d nos \u00faltimos dias. No entanto, Kirby afirma terem sido poucas tropas. O porta-voz destacou que o Pent\u00e1gono acredita ser apenas um \u201creposicionamento\u201d e n\u00e3o uma retirada real da capital ucraniana. Segundo ele, ainda \u00e9 [&hellip;]<\/p>\n","protected":false},"author":2,"featured_media":169312,"comment_status":"open","ping_status":"open","sticky":false,"template":"","format":"standard","meta":{"_monsterinsights_skip_tracking":false,"_monsterinsights_sitenote_active":false,"_monsterinsights_sitenote_note":"","_monsterinsights_sitenote_category":0},"categories":[7],"tags":[],"aioseo_notices":[],"_links":{"self":[{"href":"https:\/\/mspontocom.com.br\/site\/wp-json\/wp\/v2\/posts\/169302"}],"collection":[{"href":"https:\/\/mspontocom.com.br\/site\/wp-json\/wp\/v2\/posts"}],"about":[{"href":"https:\/\/mspontocom.com.br\/site\/wp-json\/wp\/v2\/types\/post"}],"author":[{"embeddable":true,"href":"https:\/\/mspontocom.com.br\/site\/wp-json\/wp\/v2\/users\/2"}],"replies":[{"embeddable":true,"href":"https:\/\/mspontocom.com.br\/site\/wp-json\/wp\/v2\/comments?post=169302"}],"version-history":[{"count":2,"href":"https:\/\/mspontocom.com.br\/site\/wp-json\/wp\/v2\/posts\/169302\/revisions"}],"predecessor-version":[{"id":169313,"href":"https:\/\/mspontocom.com.br\/site\/wp-json\/wp\/v2\/posts\/169302\/revisions\/169313"}],"wp:featuredmedia":[{"embeddable":true,"href":"https:\/\/mspontocom.com.br\/site\/wp-json\/wp\/v2\/media\/169312"}],"wp:attachment":[{"href":"https:\/\/mspontocom.com.br\/site\/wp-json\/wp\/v2\/media?parent=169302"}],"wp:term":[{"taxonomy":"category","embeddable":true,"href":"https:\/\/mspontocom.com.br\/site\/wp-json\/wp\/v2\/categories?post=169302"},{"taxonomy":"post_tag","embeddable":true,"href":"https:\/\/mspontocom.com.br\/site\/wp-json\/wp\/v2\/tags?post=169302"}],"curies":[{"name":"wp","href":"https:\/\/api.w.org\/{rel}","templated":true}]}}