{"id":169304,"date":"2022-03-30T06:59:19","date_gmt":"2022-03-30T10:59:19","guid":{"rendered":"https:\/\/mspontocom.com.br\/site\/?p=169304"},"modified":"2022-03-30T05:59:08","modified_gmt":"2022-03-30T09:59:08","slug":"daniel-silveira-peita-stf-e-pede-impeachment-de-moraes","status":"publish","type":"post","link":"https:\/\/mspontocom.com.br\/site\/daniel-silveira-peita-stf-e-pede-impeachment-de-moraes\/","title":{"rendered":"Daniel Silveira &#8220;peita&#8221; STF e pede impeachment de Moraes"},"content":{"rendered":"<p style=\"text-align: justify;\"><img loading=\"lazy\" class=\"alignnone size-full wp-image-169310\" src=\"https:\/\/mspontocom.com.br\/site\/wp-content\/uploads\/2022\/03\/site-daniel-silveira-peita-stf-e-pede-impeachment-de-moraes-daniel-e1648634204317.jpg\" alt=\"\" width=\"857\" height=\"447\" srcset=\"https:\/\/mspontocom.com.br\/site\/wp-content\/uploads\/2022\/03\/site-daniel-silveira-peita-stf-e-pede-impeachment-de-moraes-daniel-e1648634204317.jpg 857w, https:\/\/mspontocom.com.br\/site\/wp-content\/uploads\/2022\/03\/site-daniel-silveira-peita-stf-e-pede-impeachment-de-moraes-daniel-e1648634204317-260x136.jpg 260w, https:\/\/mspontocom.com.br\/site\/wp-content\/uploads\/2022\/03\/site-daniel-silveira-peita-stf-e-pede-impeachment-de-moraes-daniel-e1648634204317-768x401.jpg 768w\" sizes=\"(max-width: 857px) 100vw, 857px\" \/>O deputado <strong>Daniel Silveira\u00a0<\/strong> voltou a desafiar o ministro <strong>Alexandre de Moraes,<\/strong> do Supremo Tribunal Federal (STF), e afirmou querer ver at\u00e9 onde vai a \u201cpetul\u00e2ncia\u201d do magistrado.<\/p>\n<p style=\"text-align: justify;\">Silveira disse que n\u00e3o vai cumprir a decis\u00e3o de Moraes, que\u00a0<a href=\"https:\/\/politica.estadao.com.br\/blogs\/fausto-macedo\/alexandre-notifica-pf-governo-df-instalacao-imediata-tornozeleira-daniel-silveira\/\">determinou a instala\u00e7\u00e3o imediata de tornozeleira eletr\u00f4nica no parlamentar<\/a>.<\/p>\n<p style=\"text-align: justify;\">\u201c[Eu vou passar a noite no plen\u00e1rio] porque quero ver at\u00e9 onde vai a petul\u00e2ncia de algu\u00e9m para de fato romper com os outros dois Poderes, porque aqui o plen\u00e1rio \u00e9 inviol\u00e1vel&#8221;.<\/p>\n<p style=\"text-align: justify;\">Em seu discurso, o deputado tamb\u00e9m defendeu o<strong> impeachment<\/strong> do ministro.<\/p>\n<p style=\"text-align: justify;\">\u201cEle afronta o Poder Legislativo. N\u00e3o respeita a Constitui\u00e7\u00e3o. Por que o Alexandre de Moraes acha que tem esse poder sobre o Legislativo?\u201d, declarou.<\/p>\n<p style=\"text-align: justify;\">Silveira foi preso em fevereiro do ano passado ap\u00f3s divulgar um v\u00eddeo com supostas amea\u00e7as a integrantes do STF.<\/p>\n","protected":false},"excerpt":{"rendered":"<p>O deputado Daniel Silveira\u00a0 voltou a desafiar o ministro Alexandre de Moraes, do Supremo Tribunal Federal (STF), e afirmou querer ver at\u00e9 onde vai a \u201cpetul\u00e2ncia\u201d do magistrado. Silveira disse que n\u00e3o vai cumprir a decis\u00e3o de Moraes, que\u00a0determinou a instala\u00e7\u00e3o imediata de tornozeleira eletr\u00f4nica no parlamentar. \u201c[Eu vou passar a noite no plen\u00e1rio] porque [&hellip;]<\/p>\n","protected":false},"author":2,"featured_media":169310,"comment_status":"open","ping_status":"open","sticky":false,"template":"","format":"standard","meta":{"_monsterinsights_skip_tracking":false,"_monsterinsights_sitenote_active":false,"_monsterinsights_sitenote_note":"","_monsterinsights_sitenote_category":0},"categories":[30260,2528,30259],"tags":[],"aioseo_notices":[],"_links":{"self":[{"href":"https:\/\/mspontocom.com.br\/site\/wp-json\/wp\/v2\/posts\/169304"}],"collection":[{"href":"https:\/\/mspontocom.com.br\/site\/wp-json\/wp\/v2\/posts"}],"about":[{"href":"https:\/\/mspontocom.com.br\/site\/wp-json\/wp\/v2\/types\/post"}],"author":[{"embeddable":true,"href":"https:\/\/mspontocom.com.br\/site\/wp-json\/wp\/v2\/users\/2"}],"replies":[{"embeddable":true,"href":"https:\/\/mspontocom.com.br\/site\/wp-json\/wp\/v2\/comments?post=169304"}],"version-history":[{"count":2,"href":"https:\/\/mspontocom.com.br\/site\/wp-json\/wp\/v2\/posts\/169304\/revisions"}],"predecessor-version":[{"id":169311,"href":"https:\/\/mspontocom.com.br\/site\/wp-json\/wp\/v2\/posts\/169304\/revisions\/169311"}],"wp:featuredmedia":[{"embeddable":true,"href":"https:\/\/mspontocom.com.br\/site\/wp-json\/wp\/v2\/media\/169310"}],"wp:attachment":[{"href":"https:\/\/mspontocom.com.br\/site\/wp-json\/wp\/v2\/media?parent=169304"}],"wp:term":[{"taxonomy":"category","embeddable":true,"href":"https:\/\/mspontocom.com.br\/site\/wp-json\/wp\/v2\/categories?post=169304"},{"taxonomy":"post_tag","embeddable":true,"href":"https:\/\/mspontocom.com.br\/site\/wp-json\/wp\/v2\/tags?post=169304"}],"curies":[{"name":"wp","href":"https:\/\/api.w.org\/{rel}","templated":true}]}}