{"id":169336,"date":"2022-03-31T08:10:39","date_gmt":"2022-03-31T12:10:39","guid":{"rendered":"https:\/\/mspontocom.com.br\/site\/?p=169336"},"modified":"2022-03-31T06:23:05","modified_gmt":"2022-03-31T10:23:05","slug":"marco-aurelio-critica-moraes-e-diz-temer-muito-pelas-eleicoes","status":"publish","type":"post","link":"https:\/\/mspontocom.com.br\/site\/marco-aurelio-critica-moraes-e-diz-temer-muito-pelas-eleicoes\/","title":{"rendered":"Marco Aur\u00e9lio critica Moraes e diz \u201ctemer muito pelas elei\u00e7\u00f5es\u201d"},"content":{"rendered":"<p style=\"text-align: justify;\"><img loading=\"lazy\" class=\"alignnone size-large wp-image-169352\" src=\"https:\/\/mspontocom.com.br\/site\/wp-content\/uploads\/2022\/03\/site-marco-aurelio-critica-moraes-e-diz-temer-muito-pelas-eleicoes-marco-moraes-e1648722042141-1024x663.jpg\" alt=\"\" width=\"1024\" height=\"663\" srcset=\"https:\/\/mspontocom.com.br\/site\/wp-content\/uploads\/2022\/03\/site-marco-aurelio-critica-moraes-e-diz-temer-muito-pelas-eleicoes-marco-moraes-e1648722042141-1024x663.jpg 1024w, https:\/\/mspontocom.com.br\/site\/wp-content\/uploads\/2022\/03\/site-marco-aurelio-critica-moraes-e-diz-temer-muito-pelas-eleicoes-marco-moraes-e1648722042141-260x168.jpg 260w, https:\/\/mspontocom.com.br\/site\/wp-content\/uploads\/2022\/03\/site-marco-aurelio-critica-moraes-e-diz-temer-muito-pelas-eleicoes-marco-moraes-e1648722042141-768x497.jpg 768w, https:\/\/mspontocom.com.br\/site\/wp-content\/uploads\/2022\/03\/site-marco-aurelio-critica-moraes-e-diz-temer-muito-pelas-eleicoes-marco-moraes-e1648722042141.jpg 1055w\" sizes=\"(max-width: 1024px) 100vw, 1024px\" \/><\/p>\n<p style=\"text-align: justify;\">O ministro aposentado <strong>Marco Aur\u00e9lio Mello<\/strong> teceu duras cr\u00edticas \u00e0s decis\u00f5es do ministro Alexandre de Moraes, do STF, em rela\u00e7\u00e3o ao caso do deputado federal<strong> Daniel Silveira<\/strong> (Uni\u00e3o-RJ) e do inqu\u00e9rito do \u201cfim do mundo\u201d e disse <strong>\u201ctemer muito pelas pr\u00f3ximas elei\u00e7\u00f5es<\/strong> porque ele vai presidir o Tribunal Superior Eleitoral (TSE)\u201d.<\/p>\n<p style=\"text-align: justify;\">\u201cO momento \u00e9 de temperan\u00e7a, de evitar-se esses antagonismos indesej\u00e1veis presentes \u00e0s institui\u00e7\u00f5es, a institui\u00e7\u00e3o que \u00e9 o STF e a institui\u00e7\u00e3o respeit\u00e1vel por todos, porque os integrantes foram eleitos pelo povo, que \u00e9 a C\u00e2mara dos Deputados\u201d, disse.<\/p>\n<div id=\"ddp-ads-AD-51\" style=\"text-align: justify;\" data-google-query-id=\"CKWUzdeD8PYCFdYmuQYdIMsPgQ\"><\/div>\n<p style=\"text-align: justify;\"><strong>Xerife<\/strong><\/p>\n<p style=\"text-align: justify;\">Chegou a hora, segundo <strong>Marco Aur\u00e9lio<\/strong>, de o ministro Alexandre de Moraes se comportar \u00e8 altura do cargo que ocupa e evitar antagonismos com o presidente da Rep\u00fablica,<strong> Jair Bolsonaro. <\/strong><\/p>\n<p style=\"text-align: justify;\">\u201cAmbos os lados est\u00e3o muito acirrados. O ministro Alexandre de Moraes, esquecendo que ele hoje \u00e9 integrante do Supremo e tamb\u00e9m do TSE e que, portanto, n\u00e3o \u00e9 mais secret\u00e1rio de Seguran\u00e7a P\u00fablica, n\u00e3o \u00e9 mais ministro da Justi\u00e7a e n\u00e3o \u00e9 mais, eu diria mesmo,<strong> xerife\u201d<\/strong>, lamentou.<\/p>\n<p style=\"text-align: justify;\"><strong>Temor pelas elei\u00e7\u00f5es<\/strong><\/p>\n<p style=\"text-align: justify;\">Marco Aur\u00e9lio presidiu o TSE por tr\u00eas vezes e disse que o motivo da sua preocupa\u00e7\u00e3o \u00e9 que o presidente do TSE \u00e9 mais ouvido no colegiado que o presidente do Supremo.<\/p>\n<p style=\"text-align: justify;\">\n","protected":false},"excerpt":{"rendered":"<p>O ministro aposentado Marco Aur\u00e9lio Mello teceu duras cr\u00edticas \u00e0s decis\u00f5es do ministro Alexandre de Moraes, do STF, em rela\u00e7\u00e3o ao caso do deputado federal Daniel Silveira (Uni\u00e3o-RJ) e do inqu\u00e9rito do \u201cfim do mundo\u201d e disse \u201ctemer muito pelas pr\u00f3ximas elei\u00e7\u00f5es porque ele vai presidir o Tribunal Superior Eleitoral (TSE)\u201d. \u201cO momento \u00e9 de [&hellip;]<\/p>\n","protected":false},"author":2,"featured_media":169352,"comment_status":"open","ping_status":"open","sticky":false,"template":"","format":"standard","meta":{"_monsterinsights_skip_tracking":false,"_monsterinsights_sitenote_active":false,"_monsterinsights_sitenote_note":"","_monsterinsights_sitenote_category":0},"categories":[6,30260,30259],"tags":[],"aioseo_notices":[],"_links":{"self":[{"href":"https:\/\/mspontocom.com.br\/site\/wp-json\/wp\/v2\/posts\/169336"}],"collection":[{"href":"https:\/\/mspontocom.com.br\/site\/wp-json\/wp\/v2\/posts"}],"about":[{"href":"https:\/\/mspontocom.com.br\/site\/wp-json\/wp\/v2\/types\/post"}],"author":[{"embeddable":true,"href":"https:\/\/mspontocom.com.br\/site\/wp-json\/wp\/v2\/users\/2"}],"replies":[{"embeddable":true,"href":"https:\/\/mspontocom.com.br\/site\/wp-json\/wp\/v2\/comments?post=169336"}],"version-history":[{"count":2,"href":"https:\/\/mspontocom.com.br\/site\/wp-json\/wp\/v2\/posts\/169336\/revisions"}],"predecessor-version":[{"id":169353,"href":"https:\/\/mspontocom.com.br\/site\/wp-json\/wp\/v2\/posts\/169336\/revisions\/169353"}],"wp:featuredmedia":[{"embeddable":true,"href":"https:\/\/mspontocom.com.br\/site\/wp-json\/wp\/v2\/media\/169352"}],"wp:attachment":[{"href":"https:\/\/mspontocom.com.br\/site\/wp-json\/wp\/v2\/media?parent=169336"}],"wp:term":[{"taxonomy":"category","embeddable":true,"href":"https:\/\/mspontocom.com.br\/site\/wp-json\/wp\/v2\/categories?post=169336"},{"taxonomy":"post_tag","embeddable":true,"href":"https:\/\/mspontocom.com.br\/site\/wp-json\/wp\/v2\/tags?post=169336"}],"curies":[{"name":"wp","href":"https:\/\/api.w.org\/{rel}","templated":true}]}}