{"id":169373,"date":"2022-04-01T08:01:50","date_gmt":"2022-04-01T12:01:50","guid":{"rendered":"https:\/\/mspontocom.com.br\/site\/?p=169373"},"modified":"2022-04-01T06:25:58","modified_gmt":"2022-04-01T10:25:58","slug":"gracas-ao-stf-lula-diz-que-quem-acreditou-na-lava-jato-foi-enganado","status":"publish","type":"post","link":"https:\/\/mspontocom.com.br\/site\/gracas-ao-stf-lula-diz-que-quem-acreditou-na-lava-jato-foi-enganado\/","title":{"rendered":"Gra\u00e7as ao STF, Lula diz que quem acreditou na Lava Jato foi enganado"},"content":{"rendered":"<p style=\"text-align: justify;\"><img loading=\"lazy\" class=\"alignnone size-full wp-image-169387\" src=\"https:\/\/mspontocom.com.br\/site\/wp-content\/uploads\/2022\/04\/site-gracas-ao-stf-lula-diz-que-perdoa-quem-acreditou-na-lava-jato-voce-foi-enganado-site-lula-e1648807599551.jpg\" alt=\"\" width=\"730\" height=\"456\" srcset=\"https:\/\/mspontocom.com.br\/site\/wp-content\/uploads\/2022\/04\/site-gracas-ao-stf-lula-diz-que-perdoa-quem-acreditou-na-lava-jato-voce-foi-enganado-site-lula-e1648807599551.jpg 730w, https:\/\/mspontocom.com.br\/site\/wp-content\/uploads\/2022\/04\/site-gracas-ao-stf-lula-diz-que-perdoa-quem-acreditou-na-lava-jato-voce-foi-enganado-site-lula-e1648807599551-260x162.jpg 260w\" sizes=\"(max-width: 730px) 100vw, 730px\" \/><\/p>\n<p style=\"text-align: justify;\">O <strong>ex-presidi\u00e1rio<\/strong> Luiz In\u00e1cio Lula da Silva (PT) disse que quem acreditou na <strong>Opera\u00e7\u00e3o Lava Jato<\/strong> foi enganado.<\/p>\n<p style=\"text-align: justify;\">Sem citar os golpes favor\u00e1veis impetrados pelo Supremo e os mais de <strong>R$ 6 bilh\u00f5es<\/strong>\u00a0<strong>roubados<\/strong>\u00a0recuperados pela opera\u00e7\u00e3o, a\u00a0fala de Lula aconteceu durante evento de lan\u00e7amento das pr\u00e9-candidaturas de Jer\u00f4nimo Rodrigues ao governo da Bahia pelo PT.<\/p>\n<p style=\"text-align: justify;\">O ex-presidente citou a opera\u00e7\u00e3o ap\u00f3s observar na plateia um homem levantando um cartaz com os dizeres <strong>&#8220;Lula, me perdoe porque acreditei na Lava Jato&#8221;<\/strong><\/p>\n<p style=\"text-align: justify;\"><strong>Lula esteve preso por um ano e sete meses<\/strong> na carceragem da Pol\u00edcia Federal de Curitiba ap\u00f3s ter sido condenado a 8 anos 10 meses e 20 dias de pris\u00e3o por de <strong>lavagem de dinheiro e corrup\u00e7\u00e3o ativa<\/strong> e passiva no caso do tr\u00edplex do Guaruj\u00e1 (SP).<\/p>\n<p style=\"text-align: justify;\">O petista foi solto em novembro de 2019 ap\u00f3s ter sido beneficiado por decis\u00e3o do<strong> STF (Supremo Tribunal Federal)<\/strong> que proibiu pris\u00e3o ap\u00f3s condena\u00e7\u00e3o em segunda inst\u00e2ncia, ent\u00e3o caso de Lula.<\/p>\n","protected":false},"excerpt":{"rendered":"<p>O ex-presidi\u00e1rio Luiz In\u00e1cio Lula da Silva (PT) disse que quem acreditou na Opera\u00e7\u00e3o Lava Jato foi enganado. Sem citar os golpes favor\u00e1veis impetrados pelo Supremo e os mais de R$ 6 bilh\u00f5es\u00a0roubados\u00a0recuperados pela opera\u00e7\u00e3o, a\u00a0fala de Lula aconteceu durante evento de lan\u00e7amento das pr\u00e9-candidaturas de Jer\u00f4nimo Rodrigues ao governo da Bahia pelo PT. O [&hellip;]<\/p>\n","protected":false},"author":2,"featured_media":169387,"comment_status":"open","ping_status":"open","sticky":false,"template":"","format":"standard","meta":{"_monsterinsights_skip_tracking":false,"_monsterinsights_sitenote_active":false,"_monsterinsights_sitenote_note":"","_monsterinsights_sitenote_category":0},"categories":[6,30260,30259],"tags":[],"aioseo_notices":[],"_links":{"self":[{"href":"https:\/\/mspontocom.com.br\/site\/wp-json\/wp\/v2\/posts\/169373"}],"collection":[{"href":"https:\/\/mspontocom.com.br\/site\/wp-json\/wp\/v2\/posts"}],"about":[{"href":"https:\/\/mspontocom.com.br\/site\/wp-json\/wp\/v2\/types\/post"}],"author":[{"embeddable":true,"href":"https:\/\/mspontocom.com.br\/site\/wp-json\/wp\/v2\/users\/2"}],"replies":[{"embeddable":true,"href":"https:\/\/mspontocom.com.br\/site\/wp-json\/wp\/v2\/comments?post=169373"}],"version-history":[{"count":4,"href":"https:\/\/mspontocom.com.br\/site\/wp-json\/wp\/v2\/posts\/169373\/revisions"}],"predecessor-version":[{"id":169396,"href":"https:\/\/mspontocom.com.br\/site\/wp-json\/wp\/v2\/posts\/169373\/revisions\/169396"}],"wp:featuredmedia":[{"embeddable":true,"href":"https:\/\/mspontocom.com.br\/site\/wp-json\/wp\/v2\/media\/169387"}],"wp:attachment":[{"href":"https:\/\/mspontocom.com.br\/site\/wp-json\/wp\/v2\/media?parent=169373"}],"wp:term":[{"taxonomy":"category","embeddable":true,"href":"https:\/\/mspontocom.com.br\/site\/wp-json\/wp\/v2\/categories?post=169373"},{"taxonomy":"post_tag","embeddable":true,"href":"https:\/\/mspontocom.com.br\/site\/wp-json\/wp\/v2\/tags?post=169373"}],"curies":[{"name":"wp","href":"https:\/\/api.w.org\/{rel}","templated":true}]}}