{"id":169377,"date":"2022-04-01T05:51:19","date_gmt":"2022-04-01T09:51:19","guid":{"rendered":"https:\/\/mspontocom.com.br\/site\/?p=169377"},"modified":"2022-04-01T05:51:19","modified_gmt":"2022-04-01T09:51:19","slug":"guerra-chega-ao-territorio-russo-com-ataque-da-ucrania-em-deposito-de-petroleo","status":"publish","type":"post","link":"https:\/\/mspontocom.com.br\/site\/guerra-chega-ao-territorio-russo-com-ataque-da-ucrania-em-deposito-de-petroleo\/","title":{"rendered":"Guerra chega ao territ\u00f3rio russo com ataque da Ucr\u00e2nia em dep\u00f3sito de petr\u00f3leo"},"content":{"rendered":"<p style=\"text-align: justify;\"><img loading=\"lazy\" class=\"alignnone size-large wp-image-169383\" src=\"https:\/\/mspontocom.com.br\/site\/wp-content\/uploads\/2022\/04\/site-guerra-chega-ao-territorio-russo-com-ataque-da-ucrania-em-deposito-de-petroleo-zelensky-1024x584.jpg\" alt=\"\" width=\"1024\" height=\"584\" \/>O ataque a um <strong>dep\u00f3sito de petr\u00f3leo<\/strong> em Belgorod, <strong>cidade russa<\/strong> a cerca de 40 quil\u00f4metros da fronteira com a Ucr\u00e2nia, marca o 37\u00ba dia da guerra entre os dois pa\u00edses.<\/p>\n<p style=\"text-align: justify;\">Segundo Vyacheslav Gladkov, governador da regi\u00e3o, &#8220;o inc\u00eandio no dep\u00f3sito de petr\u00f3leo ocorreu como resultado de um ataque a\u00e9reo de dois helic\u00f3pteros das For\u00e7as Armadas da Ucr\u00e2nia, que entraram no <strong>territ\u00f3rio da R\u00fassia<\/strong> em baixa altitude&#8221;.<\/p>\n<p style=\"text-align: justify;\">O ataque em uma cidade russa acontece no dia em que os dois pa\u00edses devem retomar as conversas a respeito do conflito.<\/p>\n<p style=\"text-align: justify;\">A cidade russa de Belgorod fica a cerca de 80 quil\u00f4metros de Kharkiv, a segunda maior cidade da Ucr\u00e2nia, que, desde o in\u00edcio da invas\u00e3o russa, tem sido alvo de constantes ataques.<\/p>\n<p style=\"text-align: justify;\">Uma equipe de cerca de 170 pessoas foi enviada para o local do dep\u00f3sito de petr\u00f3leo para apagar as chamas, segundo Gladkov.<\/p>\n","protected":false},"excerpt":{"rendered":"<p>O ataque a um dep\u00f3sito de petr\u00f3leo em Belgorod, cidade russa a cerca de 40 quil\u00f4metros da fronteira com a Ucr\u00e2nia, marca o 37\u00ba dia da guerra entre os dois pa\u00edses. Segundo Vyacheslav Gladkov, governador da regi\u00e3o, &#8220;o inc\u00eandio no dep\u00f3sito de petr\u00f3leo ocorreu como resultado de um ataque a\u00e9reo de dois helic\u00f3pteros das For\u00e7as [&hellip;]<\/p>\n","protected":false},"author":2,"featured_media":169383,"comment_status":"open","ping_status":"open","sticky":false,"template":"","format":"standard","meta":{"_monsterinsights_skip_tracking":false,"_monsterinsights_sitenote_active":false,"_monsterinsights_sitenote_note":"","_monsterinsights_sitenote_category":0},"categories":[7],"tags":[],"aioseo_notices":[],"_links":{"self":[{"href":"https:\/\/mspontocom.com.br\/site\/wp-json\/wp\/v2\/posts\/169377"}],"collection":[{"href":"https:\/\/mspontocom.com.br\/site\/wp-json\/wp\/v2\/posts"}],"about":[{"href":"https:\/\/mspontocom.com.br\/site\/wp-json\/wp\/v2\/types\/post"}],"author":[{"embeddable":true,"href":"https:\/\/mspontocom.com.br\/site\/wp-json\/wp\/v2\/users\/2"}],"replies":[{"embeddable":true,"href":"https:\/\/mspontocom.com.br\/site\/wp-json\/wp\/v2\/comments?post=169377"}],"version-history":[{"count":2,"href":"https:\/\/mspontocom.com.br\/site\/wp-json\/wp\/v2\/posts\/169377\/revisions"}],"predecessor-version":[{"id":169384,"href":"https:\/\/mspontocom.com.br\/site\/wp-json\/wp\/v2\/posts\/169377\/revisions\/169384"}],"wp:featuredmedia":[{"embeddable":true,"href":"https:\/\/mspontocom.com.br\/site\/wp-json\/wp\/v2\/media\/169383"}],"wp:attachment":[{"href":"https:\/\/mspontocom.com.br\/site\/wp-json\/wp\/v2\/media?parent=169377"}],"wp:term":[{"taxonomy":"category","embeddable":true,"href":"https:\/\/mspontocom.com.br\/site\/wp-json\/wp\/v2\/categories?post=169377"},{"taxonomy":"post_tag","embeddable":true,"href":"https:\/\/mspontocom.com.br\/site\/wp-json\/wp\/v2\/tags?post=169377"}],"curies":[{"name":"wp","href":"https:\/\/api.w.org\/{rel}","templated":true}]}}