{"id":169411,"date":"2022-04-02T07:17:24","date_gmt":"2022-04-02T11:17:24","guid":{"rendered":"https:\/\/mspontocom.com.br\/site\/?p=169411"},"modified":"2022-04-02T07:17:24","modified_gmt":"2022-04-02T11:17:24","slug":"mais-de-mil-advogados-publicam-manifesto-em-defesa-de-daniel-silveira","status":"publish","type":"post","link":"https:\/\/mspontocom.com.br\/site\/mais-de-mil-advogados-publicam-manifesto-em-defesa-de-daniel-silveira\/","title":{"rendered":"Mais de mil advogados publicam manifesto em defesa de Daniel Silveira"},"content":{"rendered":"<p style=\"text-align: justify;\"><img loading=\"lazy\" class=\"alignnone size-full wp-image-169427\" src=\"https:\/\/mspontocom.com.br\/site\/wp-content\/uploads\/2022\/04\/site-mais-de-mil-advogados-publicam-manifesto-em-defesa-de-daniel-silveira-daniel1-e1648898142384.jpg\" alt=\"\" width=\"772\" height=\"442\" srcset=\"https:\/\/mspontocom.com.br\/site\/wp-content\/uploads\/2022\/04\/site-mais-de-mil-advogados-publicam-manifesto-em-defesa-de-daniel-silveira-daniel1-e1648898142384.jpg 772w, https:\/\/mspontocom.com.br\/site\/wp-content\/uploads\/2022\/04\/site-mais-de-mil-advogados-publicam-manifesto-em-defesa-de-daniel-silveira-daniel1-e1648898142384-260x149.jpg 260w, https:\/\/mspontocom.com.br\/site\/wp-content\/uploads\/2022\/04\/site-mais-de-mil-advogados-publicam-manifesto-em-defesa-de-daniel-silveira-daniel1-e1648898142384-768x440.jpg 768w\" sizes=\"(max-width: 772px) 100vw, 772px\" \/><\/p>\n<p style=\"text-align: justify;\">Um grupo de mais de mil advogados publicou um manifesto em apoio ao deputado <strong>Daniel Silveira<\/strong> (PTB-SP)e ao seu advogado, Paulo Faria.<\/p>\n<p style=\"text-align: justify;\">No documento, os signat\u00e1rios criticam decis\u00f5es do ministro <strong>Alexandre de Moraes,<\/strong> do\u00a0<b>\u00a0STF<\/b>\u00a0contra o deputado.<\/p>\n<p style=\"text-align: justify;\">Integrantes do <strong>Movimento Advogados de Direita do Brasil,<\/strong> os autores da carta sustentam que Daniel Silveira est\u00e1 sofrendo \u201cpersegui\u00e7\u00e3o pol\u00edtica judicial e ideol\u00f3gica\u201d em um inqu\u00e9rito \u201cinconstitucional e ilegal\u201d.<\/p>\n<p style=\"text-align: justify;\">O texto condena ainda as viola\u00e7\u00f5es ao exerc\u00edcio da profiss\u00e3o do advogado de Silveira, Paulo Faria.<\/p>\n<p style=\"text-align: justify;\"><strong>Trecho do texto:<\/strong><\/p>\n<p style=\"text-align: justify;\">\u201cO senhor ministro do STF, relator do inqu\u00e9rito inconstitucional e ilegal instaurado como instrumento de persegui\u00e7\u00e3o pol\u00edtica judicial e ideol\u00f3gica contra o deputado Daniel Silveira, revela inquestion\u00e1vel insubmiss\u00e3o \u00e0 Constitui\u00e7\u00e3o Federal do Brasil, \u00e0s leis processuais penais aplic\u00e1veis, \u00e0 imunidade constitucional de deputado federal, \u00e0s prerrogativas do advogado de defesa, ao princ\u00edpio acusat\u00f3rio, ao devido processo legal, ao contradit\u00f3rio e \u00e0 ampla defesa, tornando o deputado federal Daniel Silveira n\u00e3o somente um perseguido pol\u00edtico, mas um prisioneiro pol\u00edtico do ministro Alexandre de Moraes.\u201d<\/p>\n","protected":false},"excerpt":{"rendered":"<p>Um grupo de mais de mil advogados publicou um manifesto em apoio ao deputado Daniel Silveira (PTB-SP)e ao seu advogado, Paulo Faria. No documento, os signat\u00e1rios criticam decis\u00f5es do ministro Alexandre de Moraes, do\u00a0\u00a0STF\u00a0contra o deputado. Integrantes do Movimento Advogados de Direita do Brasil, os autores da carta sustentam que Daniel Silveira est\u00e1 sofrendo \u201cpersegui\u00e7\u00e3o [&hellip;]<\/p>\n","protected":false},"author":2,"featured_media":169427,"comment_status":"open","ping_status":"open","sticky":false,"template":"","format":"standard","meta":{"_monsterinsights_skip_tracking":false,"_monsterinsights_sitenote_active":false,"_monsterinsights_sitenote_note":"","_monsterinsights_sitenote_category":0},"categories":[6,30260,30259],"tags":[],"aioseo_notices":[],"_links":{"self":[{"href":"https:\/\/mspontocom.com.br\/site\/wp-json\/wp\/v2\/posts\/169411"}],"collection":[{"href":"https:\/\/mspontocom.com.br\/site\/wp-json\/wp\/v2\/posts"}],"about":[{"href":"https:\/\/mspontocom.com.br\/site\/wp-json\/wp\/v2\/types\/post"}],"author":[{"embeddable":true,"href":"https:\/\/mspontocom.com.br\/site\/wp-json\/wp\/v2\/users\/2"}],"replies":[{"embeddable":true,"href":"https:\/\/mspontocom.com.br\/site\/wp-json\/wp\/v2\/comments?post=169411"}],"version-history":[{"count":2,"href":"https:\/\/mspontocom.com.br\/site\/wp-json\/wp\/v2\/posts\/169411\/revisions"}],"predecessor-version":[{"id":169428,"href":"https:\/\/mspontocom.com.br\/site\/wp-json\/wp\/v2\/posts\/169411\/revisions\/169428"}],"wp:featuredmedia":[{"embeddable":true,"href":"https:\/\/mspontocom.com.br\/site\/wp-json\/wp\/v2\/media\/169427"}],"wp:attachment":[{"href":"https:\/\/mspontocom.com.br\/site\/wp-json\/wp\/v2\/media?parent=169411"}],"wp:term":[{"taxonomy":"category","embeddable":true,"href":"https:\/\/mspontocom.com.br\/site\/wp-json\/wp\/v2\/categories?post=169411"},{"taxonomy":"post_tag","embeddable":true,"href":"https:\/\/mspontocom.com.br\/site\/wp-json\/wp\/v2\/tags?post=169411"}],"curies":[{"name":"wp","href":"https:\/\/api.w.org\/{rel}","templated":true}]}}