{"id":169417,"date":"2022-04-02T06:57:04","date_gmt":"2022-04-02T10:57:04","guid":{"rendered":"https:\/\/mspontocom.com.br\/site\/?p=169417"},"modified":"2022-04-02T06:59:26","modified_gmt":"2022-04-02T10:59:26","slug":"datena-reforca-palanque-de-bolsonaro-em-sao-paulo","status":"publish","type":"post","link":"https:\/\/mspontocom.com.br\/site\/datena-reforca-palanque-de-bolsonaro-em-sao-paulo\/","title":{"rendered":"Datena refor\u00e7a palanque de Bolsonaro em S\u00e3o Paulo"},"content":{"rendered":"<p class=\"first-paragraph\" style=\"text-align: justify;\"><img loading=\"lazy\" class=\"alignnone size-large wp-image-169425\" src=\"https:\/\/mspontocom.com.br\/site\/wp-content\/uploads\/2022\/04\/site-datena-reforca-palanque-de-bolsonaro-em-sao-paulo-datena-e1648896914982-1024x491.png\" alt=\"\" width=\"1024\" height=\"491\" srcset=\"https:\/\/mspontocom.com.br\/site\/wp-content\/uploads\/2022\/04\/site-datena-reforca-palanque-de-bolsonaro-em-sao-paulo-datena-e1648896914982-1024x491.png 1024w, https:\/\/mspontocom.com.br\/site\/wp-content\/uploads\/2022\/04\/site-datena-reforca-palanque-de-bolsonaro-em-sao-paulo-datena-e1648896914982-260x125.png 260w, https:\/\/mspontocom.com.br\/site\/wp-content\/uploads\/2022\/04\/site-datena-reforca-palanque-de-bolsonaro-em-sao-paulo-datena-e1648896914982-768x368.png 768w, https:\/\/mspontocom.com.br\/site\/wp-content\/uploads\/2022\/04\/site-datena-reforca-palanque-de-bolsonaro-em-sao-paulo-datena-e1648896914982.png 1056w\" sizes=\"(max-width: 1024px) 100vw, 1024px\" \/><\/p>\n<p class=\"first-paragraph\" style=\"text-align: justify;\">O ex-ministro da infraestrutura de <strong>Jair Bolsonaro\u00a0(<\/strong>PL), Tarc\u00edsio de Freitas\u00a0(PL),\u00a0 ter\u00e1 no palanque dois refor\u00e7os de peso: o apresentar <strong>Jos\u00e9 Luiz Datena<\/strong>\u00a0(PSC), que ser\u00e1 candidato ao Senado, e o ex-presidente da Federa\u00e7\u00e3o das Ind\u00fastrias do Estado de S\u00e3o Paulo (FIESP)<strong> Paulo Skaf<\/strong> (Republicanos), cotado para vice.<\/p>\n<p class=\"first-paragraph\" style=\"text-align: justify;\">O ex-ministro \u00e9 pr\u00e9-candidato ao Governo de S\u00e3o Paulo e tem o apoio dos bolsonaristas no estado.<\/p>\n<p style=\"text-align: justify;\"><strong>Inicialmente escalado no Uni\u00e3o Brasil, Datena migrou para o PSC, aliado de Bolsonaro. <\/strong><\/p>\n<p style=\"text-align: justify;\">\n","protected":false},"excerpt":{"rendered":"<p>O ex-ministro da infraestrutura de Jair Bolsonaro\u00a0(PL), Tarc\u00edsio de Freitas\u00a0(PL),\u00a0 ter\u00e1 no palanque dois refor\u00e7os de peso: o apresentar Jos\u00e9 Luiz Datena\u00a0(PSC), que ser\u00e1 candidato ao Senado, e o ex-presidente da Federa\u00e7\u00e3o das Ind\u00fastrias do Estado de S\u00e3o Paulo (FIESP) Paulo Skaf (Republicanos), cotado para vice. O ex-ministro \u00e9 pr\u00e9-candidato ao Governo de S\u00e3o Paulo [&hellip;]<\/p>\n","protected":false},"author":2,"featured_media":169425,"comment_status":"open","ping_status":"open","sticky":false,"template":"","format":"standard","meta":{"_monsterinsights_skip_tracking":false,"_monsterinsights_sitenote_active":false,"_monsterinsights_sitenote_note":"","_monsterinsights_sitenote_category":0},"categories":[30260,30259,12],"tags":[],"aioseo_notices":[],"_links":{"self":[{"href":"https:\/\/mspontocom.com.br\/site\/wp-json\/wp\/v2\/posts\/169417"}],"collection":[{"href":"https:\/\/mspontocom.com.br\/site\/wp-json\/wp\/v2\/posts"}],"about":[{"href":"https:\/\/mspontocom.com.br\/site\/wp-json\/wp\/v2\/types\/post"}],"author":[{"embeddable":true,"href":"https:\/\/mspontocom.com.br\/site\/wp-json\/wp\/v2\/users\/2"}],"replies":[{"embeddable":true,"href":"https:\/\/mspontocom.com.br\/site\/wp-json\/wp\/v2\/comments?post=169417"}],"version-history":[{"count":2,"href":"https:\/\/mspontocom.com.br\/site\/wp-json\/wp\/v2\/posts\/169417\/revisions"}],"predecessor-version":[{"id":169426,"href":"https:\/\/mspontocom.com.br\/site\/wp-json\/wp\/v2\/posts\/169417\/revisions\/169426"}],"wp:featuredmedia":[{"embeddable":true,"href":"https:\/\/mspontocom.com.br\/site\/wp-json\/wp\/v2\/media\/169425"}],"wp:attachment":[{"href":"https:\/\/mspontocom.com.br\/site\/wp-json\/wp\/v2\/media?parent=169417"}],"wp:term":[{"taxonomy":"category","embeddable":true,"href":"https:\/\/mspontocom.com.br\/site\/wp-json\/wp\/v2\/categories?post=169417"},{"taxonomy":"post_tag","embeddable":true,"href":"https:\/\/mspontocom.com.br\/site\/wp-json\/wp\/v2\/tags?post=169417"}],"curies":[{"name":"wp","href":"https:\/\/api.w.org\/{rel}","templated":true}]}}