{"id":169457,"date":"2022-04-03T07:57:55","date_gmt":"2022-04-03T11:57:55","guid":{"rendered":"https:\/\/mspontocom.com.br\/site\/?p=169457"},"modified":"2022-04-03T07:57:55","modified_gmt":"2022-04-03T11:57:55","slug":"apos-convite-de-zelensky-papa-diz-considerar-viagem-a-ucrania","status":"publish","type":"post","link":"https:\/\/mspontocom.com.br\/site\/apos-convite-de-zelensky-papa-diz-considerar-viagem-a-ucrania\/","title":{"rendered":"Ap\u00f3s convite de Zelensky, Papa diz considerar viagem a Ucr\u00e2nia"},"content":{"rendered":"<p style=\"text-align: justify;\"><img loading=\"lazy\" class=\"alignnone size-full wp-image-169458\" src=\"https:\/\/mspontocom.com.br\/site\/wp-content\/uploads\/2022\/04\/site-apos-convite-de-zelensky-papa-diz-considerar-viagem-a-ucrania-zel2.jpg\" alt=\"\" width=\"300\" height=\"168\" srcset=\"https:\/\/mspontocom.com.br\/site\/wp-content\/uploads\/2022\/04\/site-apos-convite-de-zelensky-papa-diz-considerar-viagem-a-ucrania-zel2.jpg 300w, https:\/\/mspontocom.com.br\/site\/wp-content\/uploads\/2022\/04\/site-apos-convite-de-zelensky-papa-diz-considerar-viagem-a-ucrania-zel2-260x146.jpg 260w\" sizes=\"(max-width: 300px) 100vw, 300px\" \/><\/p>\n<p style=\"text-align: justify;\">O <strong>papa Francisco<\/strong>\u00a0disse neste s\u00e1bado (2) que est\u00e1 considerando uma viagem \u00e0 capital ucraniana, <b>Kiev.<\/b><\/p>\n<p style=\"text-align: justify;\">No dia 22 de mar\u00e7o, o presidente ucraniano <strong>Volodymyr Zelennky<\/strong>\u00a0revelou que conversou com o papa e que ele \u201cdisse palavras muito importantes: \u2018<\/p>\n<p style=\"text-align: justify;\">Eu entendo que voc\u00ea quer a paz. Eu entendo que voc\u00ea tem que se defender, que os soldados defendem os civis, eles defendem sua p\u00e1tria&#8217;\u201d.<\/p>\n<p style=\"text-align: justify;\">\u00a0Em\u00a0 tweet, o embaixador da Ucr\u00e2nia no<strong> Vaticano<\/strong>, Andriy Yurash, disse que a dupla teve conversas \u201cmuito promissoras\u201d.<\/p>\n<p style=\"text-align: justify;\">Yurash tamb\u00e9m disse que o papa <strong>\u201c\u00e9 o convidado mais esperado\u00a0na Ucr\u00e2nia\u201d.<\/strong><\/p>\n<p style=\"text-align: justify;\">O prefeito de Kiev escreveu uma carta no dia 8 de mar\u00e7o convidando Francisco para uma visita \u00e0 cidade.<\/p>\n","protected":false},"excerpt":{"rendered":"<p>O papa Francisco\u00a0disse neste s\u00e1bado (2) que est\u00e1 considerando uma viagem \u00e0 capital ucraniana, Kiev. No dia 22 de mar\u00e7o, o presidente ucraniano Volodymyr Zelennky\u00a0revelou que conversou com o papa e que ele \u201cdisse palavras muito importantes: \u2018 Eu entendo que voc\u00ea quer a paz. Eu entendo que voc\u00ea tem que se defender, que os [&hellip;]<\/p>\n","protected":false},"author":2,"featured_media":169458,"comment_status":"open","ping_status":"open","sticky":false,"template":"","format":"standard","meta":{"_monsterinsights_skip_tracking":false,"_monsterinsights_sitenote_active":false,"_monsterinsights_sitenote_note":"","_monsterinsights_sitenote_category":0},"categories":[7],"tags":[],"aioseo_notices":[],"_links":{"self":[{"href":"https:\/\/mspontocom.com.br\/site\/wp-json\/wp\/v2\/posts\/169457"}],"collection":[{"href":"https:\/\/mspontocom.com.br\/site\/wp-json\/wp\/v2\/posts"}],"about":[{"href":"https:\/\/mspontocom.com.br\/site\/wp-json\/wp\/v2\/types\/post"}],"author":[{"embeddable":true,"href":"https:\/\/mspontocom.com.br\/site\/wp-json\/wp\/v2\/users\/2"}],"replies":[{"embeddable":true,"href":"https:\/\/mspontocom.com.br\/site\/wp-json\/wp\/v2\/comments?post=169457"}],"version-history":[{"count":1,"href":"https:\/\/mspontocom.com.br\/site\/wp-json\/wp\/v2\/posts\/169457\/revisions"}],"predecessor-version":[{"id":169459,"href":"https:\/\/mspontocom.com.br\/site\/wp-json\/wp\/v2\/posts\/169457\/revisions\/169459"}],"wp:featuredmedia":[{"embeddable":true,"href":"https:\/\/mspontocom.com.br\/site\/wp-json\/wp\/v2\/media\/169458"}],"wp:attachment":[{"href":"https:\/\/mspontocom.com.br\/site\/wp-json\/wp\/v2\/media?parent=169457"}],"wp:term":[{"taxonomy":"category","embeddable":true,"href":"https:\/\/mspontocom.com.br\/site\/wp-json\/wp\/v2\/categories?post=169457"},{"taxonomy":"post_tag","embeddable":true,"href":"https:\/\/mspontocom.com.br\/site\/wp-json\/wp\/v2\/tags?post=169457"}],"curies":[{"name":"wp","href":"https:\/\/api.w.org\/{rel}","templated":true}]}}