{"id":169463,"date":"2022-04-04T06:04:36","date_gmt":"2022-04-04T10:04:36","guid":{"rendered":"https:\/\/mspontocom.com.br\/site\/?p=169463"},"modified":"2022-04-04T06:04:36","modified_gmt":"2022-04-04T10:04:36","slug":"maioria-dos-brasileiros-avalia-trabalho-do-stf-como-ruim-ou-pessimo","status":"publish","type":"post","link":"https:\/\/mspontocom.com.br\/site\/maioria-dos-brasileiros-avalia-trabalho-do-stf-como-ruim-ou-pessimo\/","title":{"rendered":"Maioria dos brasileiros avalia trabalho do STF como ruim ou p\u00e9ssimo"},"content":{"rendered":"<p style=\"text-align: justify;\"><img loading=\"lazy\" class=\"alignnone size-large wp-image-169477\" src=\"https:\/\/mspontocom.com.br\/site\/wp-content\/uploads\/2022\/04\/site-maioria-avalia-trabalho-do-stf-como-ruim-ou-pessimo-stf1-1024x576.jpg\" alt=\"\" width=\"1024\" height=\"576\" \/><\/p>\n<p style=\"text-align: justify;\">Pesquisa<strong> PoderData<\/strong> realizada de 28 a 30 de mar\u00e7o mostra que 43% avaliam o <strong>trabalho do Supremo Tribunal Federal como \u201cruim\u201d ou \u201cp\u00e9ssimo\u201d,<\/strong> na pior avalia\u00e7\u00e3o sobre a Corte em 1 ano.<\/p>\n<p style=\"text-align: justify;\">O percentual subiu 5 pontos percentuais em 3 meses. Outros 20% disseram \u201c\u00f3timo\u201d ou \u201cbom\u201d, e outros 31%, \u201cregular\u201d.<\/p>\n<p style=\"text-align: justify;\">Essa avalia\u00e7\u00e3o negativa se d\u00e1 em meio a uma nova tens\u00e3o entre o Executivo e o Judici\u00e1rio.<\/p>\n<p style=\"text-align: justify;\">Na 3\u00aa feira (29.mar.2022), o ministro do STF<strong> Alexandre de Moraes<\/strong> ordenou a \u201cfixa\u00e7\u00e3o imediata\u201d de tornozeleira eletr\u00f4nica no deputado federal <strong>Daniel Silveira<\/strong> (Uni\u00e3o Brasil-RJ).<\/p>\n<p style=\"text-align: justify;\">Na 5\u00aa feira, <strong>Bolsonaro<\/strong> subiu o tom contra a Corte: <strong>\u201cCala a boca, bota tua toga e n\u00e3o enche o saco\u201d. <\/strong><\/p>\n<p style=\"text-align: justify;\">A pesquisa foi realizada pelo PoderData.<\/p>\n<p style=\"text-align: justify;\">Os dados foram coletados de 27 a 29 de mar\u00e7o de 2022, por meio de liga\u00e7\u00f5es para celulares e telefones fixos.<\/p>\n<p style=\"text-align: justify;\">Foram 3.000 entrevistas em 275 munic\u00edpios nas 27 unidades da Federa\u00e7\u00e3o.<\/p>\n<p style=\"text-align: justify;\">A margem de erro \u00e9 de 2 pontos percentuais. O intervalo de confian\u00e7a de 95%. Registro no TSE: BR-06661\/2022.<\/p>\n<p style=\"text-align: justify;\">\n<p style=\"text-align: justify;\">fonte: Poder 360<\/p>\n","protected":false},"excerpt":{"rendered":"<p>Pesquisa PoderData realizada de 28 a 30 de mar\u00e7o mostra que 43% avaliam o trabalho do Supremo Tribunal Federal como \u201cruim\u201d ou \u201cp\u00e9ssimo\u201d, na pior avalia\u00e7\u00e3o sobre a Corte em 1 ano. O percentual subiu 5 pontos percentuais em 3 meses. Outros 20% disseram \u201c\u00f3timo\u201d ou \u201cbom\u201d, e outros 31%, \u201cregular\u201d. Essa avalia\u00e7\u00e3o negativa se [&hellip;]<\/p>\n","protected":false},"author":2,"featured_media":169477,"comment_status":"open","ping_status":"open","sticky":false,"template":"","format":"standard","meta":{"_monsterinsights_skip_tracking":false,"_monsterinsights_sitenote_active":false,"_monsterinsights_sitenote_note":"","_monsterinsights_sitenote_category":0},"categories":[6,30260,30259],"tags":[],"aioseo_notices":[],"_links":{"self":[{"href":"https:\/\/mspontocom.com.br\/site\/wp-json\/wp\/v2\/posts\/169463"}],"collection":[{"href":"https:\/\/mspontocom.com.br\/site\/wp-json\/wp\/v2\/posts"}],"about":[{"href":"https:\/\/mspontocom.com.br\/site\/wp-json\/wp\/v2\/types\/post"}],"author":[{"embeddable":true,"href":"https:\/\/mspontocom.com.br\/site\/wp-json\/wp\/v2\/users\/2"}],"replies":[{"embeddable":true,"href":"https:\/\/mspontocom.com.br\/site\/wp-json\/wp\/v2\/comments?post=169463"}],"version-history":[{"count":2,"href":"https:\/\/mspontocom.com.br\/site\/wp-json\/wp\/v2\/posts\/169463\/revisions"}],"predecessor-version":[{"id":169478,"href":"https:\/\/mspontocom.com.br\/site\/wp-json\/wp\/v2\/posts\/169463\/revisions\/169478"}],"wp:featuredmedia":[{"embeddable":true,"href":"https:\/\/mspontocom.com.br\/site\/wp-json\/wp\/v2\/media\/169477"}],"wp:attachment":[{"href":"https:\/\/mspontocom.com.br\/site\/wp-json\/wp\/v2\/media?parent=169463"}],"wp:term":[{"taxonomy":"category","embeddable":true,"href":"https:\/\/mspontocom.com.br\/site\/wp-json\/wp\/v2\/categories?post=169463"},{"taxonomy":"post_tag","embeddable":true,"href":"https:\/\/mspontocom.com.br\/site\/wp-json\/wp\/v2\/tags?post=169463"}],"curies":[{"name":"wp","href":"https:\/\/api.w.org\/{rel}","templated":true}]}}