{"id":169465,"date":"2022-04-04T06:15:21","date_gmt":"2022-04-04T10:15:21","guid":{"rendered":"https:\/\/mspontocom.com.br\/site\/?p=169465"},"modified":"2022-04-04T06:15:21","modified_gmt":"2022-04-04T10:15:21","slug":"datafolha-melhora-a-aprovacao-da-gestao-de-bolsonaro-frente-a-pandemia","status":"publish","type":"post","link":"https:\/\/mspontocom.com.br\/site\/datafolha-melhora-a-aprovacao-da-gestao-de-bolsonaro-frente-a-pandemia\/","title":{"rendered":"Datafolha: Melhora a aprova\u00e7\u00e3o da gest\u00e3o de Bolsonaro frente \u00e0 pandemia"},"content":{"rendered":"<p style=\"text-align: justify;\"><img loading=\"lazy\" class=\"alignnone size-full wp-image-169479\" src=\"https:\/\/mspontocom.com.br\/site\/wp-content\/uploads\/2022\/04\/site-datafolha-reprovacao-da-gestao-de-bolsonaro-frente-a-pandemia-cai-de-54-para-46-bolsonaro-vacina-e1649067242389.jpg\" alt=\"\" width=\"784\" height=\"413\" srcset=\"https:\/\/mspontocom.com.br\/site\/wp-content\/uploads\/2022\/04\/site-datafolha-reprovacao-da-gestao-de-bolsonaro-frente-a-pandemia-cai-de-54-para-46-bolsonaro-vacina-e1649067242389.jpg 784w, https:\/\/mspontocom.com.br\/site\/wp-content\/uploads\/2022\/04\/site-datafolha-reprovacao-da-gestao-de-bolsonaro-frente-a-pandemia-cai-de-54-para-46-bolsonaro-vacina-e1649067242389-260x137.jpg 260w, https:\/\/mspontocom.com.br\/site\/wp-content\/uploads\/2022\/04\/site-datafolha-reprovacao-da-gestao-de-bolsonaro-frente-a-pandemia-cai-de-54-para-46-bolsonaro-vacina-e1649067242389-768x405.jpg 768w\" sizes=\"(max-width: 784px) 100vw, 784px\" \/><\/p>\n<p style=\"text-align: justify;\">A aprova\u00e7\u00e3o da gest\u00e3o do presidente\u00a0 Jair Bolsonaro\u00a0(PL) em rela\u00e7\u00e3o \u00e0 pandemia da covid-19 aumentou segundo pesquisa do<strong> Datafolha\u00a0<\/strong>divulgada neste domingo.<\/p>\n<p style=\"text-align: justify;\">A avalia\u00e7\u00e3o \u00f3tima ou boa para a condu\u00e7\u00e3o do presidente frente \u00e0 crise sanit\u00e1ria \u00e9 positiva para o presidente:<\/p>\n<p style=\"text-align: justify;\">Passou de 22% em setembro do ano passado para 28% em mar\u00e7o deste ano. Os que consideram a atua\u00e7\u00e3o regular subiram de 22% para 25%.<\/p>\n<p style=\"text-align: justify;\">A parcela da popula\u00e7\u00e3o que v\u00ea o desempenho como ruim ou p\u00e9ssimo \u00e9 de 46%, ante 54% observado em levantamento anterior.<\/p>\n<p style=\"text-align: justify;\">As entrevistas foram realizadas nos dias 22 e 23 de mar\u00e7o com 2.556 pessoas de 16 anos ou mais, em 181 munic\u00edpios.<\/p>\n<p style=\"text-align: justify;\">Segundo o levantamento, a percep\u00e7\u00e3o do controle da pandemia no Pa\u00eds tem crescido.<\/p>\n<p style=\"text-align: justify;\">S\u00e3o 72% que consideram que a crise est\u00e1 parcialmente controlada, e 15%, totalmente.<\/p>\n<p style=\"text-align: justify;\">A fatia dos que veem a situa\u00e7\u00e3o fora de controle caiu de 20% para 12%.<\/p>\n<p style=\"text-align: justify;\">\n","protected":false},"excerpt":{"rendered":"<p>A aprova\u00e7\u00e3o da gest\u00e3o do presidente\u00a0 Jair Bolsonaro\u00a0(PL) em rela\u00e7\u00e3o \u00e0 pandemia da covid-19 aumentou segundo pesquisa do Datafolha\u00a0divulgada neste domingo. A avalia\u00e7\u00e3o \u00f3tima ou boa para a condu\u00e7\u00e3o do presidente frente \u00e0 crise sanit\u00e1ria \u00e9 positiva para o presidente: Passou de 22% em setembro do ano passado para 28% em mar\u00e7o deste ano. Os [&hellip;]<\/p>\n","protected":false},"author":2,"featured_media":169479,"comment_status":"open","ping_status":"open","sticky":false,"template":"","format":"standard","meta":{"_monsterinsights_skip_tracking":false,"_monsterinsights_sitenote_active":false,"_monsterinsights_sitenote_note":"","_monsterinsights_sitenote_category":0},"categories":[6,30260,30259],"tags":[],"aioseo_notices":[],"_links":{"self":[{"href":"https:\/\/mspontocom.com.br\/site\/wp-json\/wp\/v2\/posts\/169465"}],"collection":[{"href":"https:\/\/mspontocom.com.br\/site\/wp-json\/wp\/v2\/posts"}],"about":[{"href":"https:\/\/mspontocom.com.br\/site\/wp-json\/wp\/v2\/types\/post"}],"author":[{"embeddable":true,"href":"https:\/\/mspontocom.com.br\/site\/wp-json\/wp\/v2\/users\/2"}],"replies":[{"embeddable":true,"href":"https:\/\/mspontocom.com.br\/site\/wp-json\/wp\/v2\/comments?post=169465"}],"version-history":[{"count":2,"href":"https:\/\/mspontocom.com.br\/site\/wp-json\/wp\/v2\/posts\/169465\/revisions"}],"predecessor-version":[{"id":169480,"href":"https:\/\/mspontocom.com.br\/site\/wp-json\/wp\/v2\/posts\/169465\/revisions\/169480"}],"wp:featuredmedia":[{"embeddable":true,"href":"https:\/\/mspontocom.com.br\/site\/wp-json\/wp\/v2\/media\/169479"}],"wp:attachment":[{"href":"https:\/\/mspontocom.com.br\/site\/wp-json\/wp\/v2\/media?parent=169465"}],"wp:term":[{"taxonomy":"category","embeddable":true,"href":"https:\/\/mspontocom.com.br\/site\/wp-json\/wp\/v2\/categories?post=169465"},{"taxonomy":"post_tag","embeddable":true,"href":"https:\/\/mspontocom.com.br\/site\/wp-json\/wp\/v2\/tags?post=169465"}],"curies":[{"name":"wp","href":"https:\/\/api.w.org\/{rel}","templated":true}]}}