{"id":169509,"date":"2022-04-05T06:17:56","date_gmt":"2022-04-05T10:17:56","guid":{"rendered":"https:\/\/mspontocom.com.br\/site\/?p=169509"},"modified":"2022-04-05T06:17:56","modified_gmt":"2022-04-05T10:17:56","slug":"daniel-silveira-pede-ao-stf-impedimento-de-alexandre-de-moraes","status":"publish","type":"post","link":"https:\/\/mspontocom.com.br\/site\/daniel-silveira-pede-ao-stf-impedimento-de-alexandre-de-moraes\/","title":{"rendered":"Daniel Silveira pede ao STF impedimento de Alexandre de Moraes"},"content":{"rendered":"<p class=\"first-paragraph\" style=\"text-align: justify;\"><img loading=\"lazy\" class=\"alignnone size-full wp-image-169521\" src=\"https:\/\/mspontocom.com.br\/site\/wp-content\/uploads\/2022\/04\/site-daniel-silveira-pede-ao-stf-impedimento-de-alexandre-de-moraes-ale1-e1649153771665.jpg\" alt=\"\" width=\"860\" height=\"462\" srcset=\"https:\/\/mspontocom.com.br\/site\/wp-content\/uploads\/2022\/04\/site-daniel-silveira-pede-ao-stf-impedimento-de-alexandre-de-moraes-ale1-e1649153771665.jpg 860w, https:\/\/mspontocom.com.br\/site\/wp-content\/uploads\/2022\/04\/site-daniel-silveira-pede-ao-stf-impedimento-de-alexandre-de-moraes-ale1-e1649153771665-260x140.jpg 260w, https:\/\/mspontocom.com.br\/site\/wp-content\/uploads\/2022\/04\/site-daniel-silveira-pede-ao-stf-impedimento-de-alexandre-de-moraes-ale1-e1649153771665-768x413.jpg 768w\" sizes=\"(max-width: 860px) 100vw, 860px\" \/><\/p>\n<p class=\"first-paragraph\" style=\"text-align: justify;\">O advogado do deputado <strong>Daniel Silveira\u00a0<\/strong>(PTB-RJ), Paulo C\u00e9sar Rodrigues de Faria, encaminhou um requerimento ao ministro do STF, <strong>Alexandre de Moraes<\/strong>, que se declare impedido e suspeito de julgar as a\u00e7\u00f5es penais contra o parlamentar.<\/p>\n<p style=\"text-align: justify;\">Segundo o advogado, Alexandre de Moraes \u00e9<strong> \u201csimultaneamente v\u00edtima, juiz e acusador,<\/strong> o que viola o sistema penal acusat\u00f3rio vigente no Brasil\u201d.<\/p>\n<p style=\"text-align: justify;\">Afirma tamb\u00e9m que, caso n\u00e3o declare seu pr\u00f3prio impedimento processual, estaria cometendo crime de responsabilidade.<\/p>\n<p style=\"text-align: justify;\">O defensor tamb\u00e9m exige que a an\u00e1lise do impedimento e\/ou suspei\u00e7\u00e3o seja feita em sess\u00e3o plen\u00e1ria do <strong>STF<\/strong> \u201ccom a mesma agilidade daquela ocorrida em 01\/04\/2022\u201d, referindo-se ao dia em que o Supremo decidiu manter a imposi\u00e7\u00e3o da tornozeleira eletr\u00f4nica.<\/p>\n<p style=\"text-align: justify;\">\n","protected":false},"excerpt":{"rendered":"<p>O advogado do deputado Daniel Silveira\u00a0(PTB-RJ), Paulo C\u00e9sar Rodrigues de Faria, encaminhou um requerimento ao ministro do STF, Alexandre de Moraes, que se declare impedido e suspeito de julgar as a\u00e7\u00f5es penais contra o parlamentar. Segundo o advogado, Alexandre de Moraes \u00e9 \u201csimultaneamente v\u00edtima, juiz e acusador, o que viola o sistema penal acusat\u00f3rio vigente [&hellip;]<\/p>\n","protected":false},"author":2,"featured_media":169521,"comment_status":"open","ping_status":"open","sticky":false,"template":"","format":"standard","meta":{"_monsterinsights_skip_tracking":false,"_monsterinsights_sitenote_active":false,"_monsterinsights_sitenote_note":"","_monsterinsights_sitenote_category":0},"categories":[6,30260,2528,30259],"tags":[],"aioseo_notices":[],"_links":{"self":[{"href":"https:\/\/mspontocom.com.br\/site\/wp-json\/wp\/v2\/posts\/169509"}],"collection":[{"href":"https:\/\/mspontocom.com.br\/site\/wp-json\/wp\/v2\/posts"}],"about":[{"href":"https:\/\/mspontocom.com.br\/site\/wp-json\/wp\/v2\/types\/post"}],"author":[{"embeddable":true,"href":"https:\/\/mspontocom.com.br\/site\/wp-json\/wp\/v2\/users\/2"}],"replies":[{"embeddable":true,"href":"https:\/\/mspontocom.com.br\/site\/wp-json\/wp\/v2\/comments?post=169509"}],"version-history":[{"count":2,"href":"https:\/\/mspontocom.com.br\/site\/wp-json\/wp\/v2\/posts\/169509\/revisions"}],"predecessor-version":[{"id":169522,"href":"https:\/\/mspontocom.com.br\/site\/wp-json\/wp\/v2\/posts\/169509\/revisions\/169522"}],"wp:featuredmedia":[{"embeddable":true,"href":"https:\/\/mspontocom.com.br\/site\/wp-json\/wp\/v2\/media\/169521"}],"wp:attachment":[{"href":"https:\/\/mspontocom.com.br\/site\/wp-json\/wp\/v2\/media?parent=169509"}],"wp:term":[{"taxonomy":"category","embeddable":true,"href":"https:\/\/mspontocom.com.br\/site\/wp-json\/wp\/v2\/categories?post=169509"},{"taxonomy":"post_tag","embeddable":true,"href":"https:\/\/mspontocom.com.br\/site\/wp-json\/wp\/v2\/tags?post=169509"}],"curies":[{"name":"wp","href":"https:\/\/api.w.org\/{rel}","templated":true}]}}