{"id":169513,"date":"2022-04-05T05:58:40","date_gmt":"2022-04-05T09:58:40","guid":{"rendered":"https:\/\/mspontocom.com.br\/site\/?p=169513"},"modified":"2022-04-05T05:58:40","modified_gmt":"2022-04-05T09:58:40","slug":"em-pesquisa-espontanea-ex-ministro-de-bolsonaro-lidera-para-governador-de-sp","status":"publish","type":"post","link":"https:\/\/mspontocom.com.br\/site\/em-pesquisa-espontanea-ex-ministro-de-bolsonaro-lidera-para-governador-de-sp\/","title":{"rendered":"Em pesquisa espont\u00e2nea, ex-ministro de Bolsonaro lidera para governador de SP"},"content":{"rendered":"<p style=\"text-align: justify;\"><img loading=\"lazy\" class=\"alignnone size-large wp-image-169517\" src=\"https:\/\/mspontocom.com.br\/site\/wp-content\/uploads\/2022\/04\/site-em-pesquisa-espontanea-ex-ministro-de-bolsonaro-lidera-para-governador-de-sp-bolsonaro-e-tarcisio-e1649152633319-1024x587.jpg\" alt=\"\" width=\"1024\" height=\"587\" srcset=\"https:\/\/mspontocom.com.br\/site\/wp-content\/uploads\/2022\/04\/site-em-pesquisa-espontanea-ex-ministro-de-bolsonaro-lidera-para-governador-de-sp-bolsonaro-e-tarcisio-e1649152633319-1024x587.jpg 1024w, https:\/\/mspontocom.com.br\/site\/wp-content\/uploads\/2022\/04\/site-em-pesquisa-espontanea-ex-ministro-de-bolsonaro-lidera-para-governador-de-sp-bolsonaro-e-tarcisio-e1649152633319-260x149.jpg 260w, https:\/\/mspontocom.com.br\/site\/wp-content\/uploads\/2022\/04\/site-em-pesquisa-espontanea-ex-ministro-de-bolsonaro-lidera-para-governador-de-sp-bolsonaro-e-tarcisio-e1649152633319-768x440.jpg 768w, https:\/\/mspontocom.com.br\/site\/wp-content\/uploads\/2022\/04\/site-em-pesquisa-espontanea-ex-ministro-de-bolsonaro-lidera-para-governador-de-sp-bolsonaro-e-tarcisio-e1649152633319.jpg 1056w\" sizes=\"(max-width: 1024px) 100vw, 1024px\" \/>Levantamento realizado pelo Paran\u00e1 Pesquisa no estado de S\u00e3o Paulo revela uma novidade: na pesquisa espont\u00e2nea, quando o eleitor manifesta em quem pretende votar sem consultar lista de candidatos, o ex-ministro da Infraestrutura de Jair Bolsonaro, <strong>Tarc\u00edsio Freitas<\/strong> \u00e9 o l\u00edder, com 5,4%.<\/p>\n<p style=\"text-align: justify;\">\u00a0Nesse levantaento, <strong>Fernando Haddad<\/strong> (PT) est\u00e1 em segundo lugar, com 3,5%, M\u00e1rcio Fran\u00e7a (PSB) em terceiro com 1,8% e <strong>Jo\u00e3o Doria<\/strong>, que, n\u00e3o \u00e9 candidato, aparece com 0,7%.<\/p>\n<p style=\"text-align: justify;\">O atual governador paulista, Rodrigo Garcia (PSDB), este sim, candidato \u00e0 reelei\u00e7\u00e3o, aparece em sexto, com 0,3%.<\/p>\n<p style=\"text-align: justify;\">O <strong>Paran\u00e1 Pesquisas<\/strong> entrevistou presencialmente, face a face, 1.820 eleitores em 78 munic\u00edpios paulistas, entre os dias 27 e 31 de mar\u00e7o.<\/p>\n<p style=\"text-align: justify;\">A pesquisa est\u00e1 foi registrada no Tribunal Superior Eleitoral sob o n.\u00ba SP-07095\/2022.<\/p>\n<div class=\"ddp-banner ddp-banner-rectangle\">\n<div class=\"ddp-ads\">\n<div class=\"pub-hor pos-3\">\n<div id=\"ddp-ads-horizontal-3\" data-google-query-id=\"CJH5kZrR_PYCFTE0uQYd4QMMBw\"><\/div>\n<\/div>\n<\/div>\n<\/div>\n","protected":false},"excerpt":{"rendered":"<p>Levantamento realizado pelo Paran\u00e1 Pesquisa no estado de S\u00e3o Paulo revela uma novidade: na pesquisa espont\u00e2nea, quando o eleitor manifesta em quem pretende votar sem consultar lista de candidatos, o ex-ministro da Infraestrutura de Jair Bolsonaro, Tarc\u00edsio Freitas \u00e9 o l\u00edder, com 5,4%. \u00a0Nesse levantaento, Fernando Haddad (PT) est\u00e1 em segundo lugar, com 3,5%, M\u00e1rcio [&hellip;]<\/p>\n","protected":false},"author":2,"featured_media":169517,"comment_status":"open","ping_status":"open","sticky":false,"template":"","format":"standard","meta":{"_monsterinsights_skip_tracking":false,"_monsterinsights_sitenote_active":false,"_monsterinsights_sitenote_note":"","_monsterinsights_sitenote_category":0},"categories":[30260,30259,12],"tags":[],"aioseo_notices":[],"_links":{"self":[{"href":"https:\/\/mspontocom.com.br\/site\/wp-json\/wp\/v2\/posts\/169513"}],"collection":[{"href":"https:\/\/mspontocom.com.br\/site\/wp-json\/wp\/v2\/posts"}],"about":[{"href":"https:\/\/mspontocom.com.br\/site\/wp-json\/wp\/v2\/types\/post"}],"author":[{"embeddable":true,"href":"https:\/\/mspontocom.com.br\/site\/wp-json\/wp\/v2\/users\/2"}],"replies":[{"embeddable":true,"href":"https:\/\/mspontocom.com.br\/site\/wp-json\/wp\/v2\/comments?post=169513"}],"version-history":[{"count":2,"href":"https:\/\/mspontocom.com.br\/site\/wp-json\/wp\/v2\/posts\/169513\/revisions"}],"predecessor-version":[{"id":169518,"href":"https:\/\/mspontocom.com.br\/site\/wp-json\/wp\/v2\/posts\/169513\/revisions\/169518"}],"wp:featuredmedia":[{"embeddable":true,"href":"https:\/\/mspontocom.com.br\/site\/wp-json\/wp\/v2\/media\/169517"}],"wp:attachment":[{"href":"https:\/\/mspontocom.com.br\/site\/wp-json\/wp\/v2\/media?parent=169513"}],"wp:term":[{"taxonomy":"category","embeddable":true,"href":"https:\/\/mspontocom.com.br\/site\/wp-json\/wp\/v2\/categories?post=169513"},{"taxonomy":"post_tag","embeddable":true,"href":"https:\/\/mspontocom.com.br\/site\/wp-json\/wp\/v2\/tags?post=169513"}],"curies":[{"name":"wp","href":"https:\/\/api.w.org\/{rel}","templated":true}]}}