{"id":169546,"date":"2022-04-06T06:43:26","date_gmt":"2022-04-06T10:43:26","guid":{"rendered":"https:\/\/mspontocom.com.br\/site\/?p=169546"},"modified":"2022-04-06T05:48:26","modified_gmt":"2022-04-06T09:48:26","slug":"bolsonaro-diz-que-tem-o-povo-como-maior-exercito-do-mundo","status":"publish","type":"post","link":"https:\/\/mspontocom.com.br\/site\/bolsonaro-diz-que-tem-o-povo-como-maior-exercito-do-mundo\/","title":{"rendered":"Bolsonaro diz que tem o povo como \u2018maior ex\u00e9rcito do mundo\u2019"},"content":{"rendered":"<p style=\"text-align: justify;\"><img loading=\"lazy\" class=\"alignnone size-full wp-image-169558\" src=\"https:\/\/mspontocom.com.br\/site\/wp-content\/uploads\/2022\/04\/site-bolsonaro-chama-militares-de-ancora-do-pais-e-diz-que-tem-povo-como-maior-exercito-do-mundo-bolsonaro-bravo-e1649238411525.jpg\" alt=\"\" width=\"609\" height=\"359\" srcset=\"https:\/\/mspontocom.com.br\/site\/wp-content\/uploads\/2022\/04\/site-bolsonaro-chama-militares-de-ancora-do-pais-e-diz-que-tem-povo-como-maior-exercito-do-mundo-bolsonaro-bravo-e1649238411525.jpg 609w, https:\/\/mspontocom.com.br\/site\/wp-content\/uploads\/2022\/04\/site-bolsonaro-chama-militares-de-ancora-do-pais-e-diz-que-tem-povo-como-maior-exercito-do-mundo-bolsonaro-bravo-e1649238411525-260x153.jpg 260w\" sizes=\"(max-width: 609px) 100vw, 609px\" \/><\/p>\n<p style=\"text-align: justify;\">O presidente <strong>Jair Bolsonaro<\/strong> chamou militares de &#8220;\u00e2ncora&#8221; do Brasil e afirmou que tem o povo brasileiro como o <strong>\u201cmaior ex\u00e9rcito do mundo\u201d<\/strong> para atingir seus objetivos e garantir a democracia e a liberdade no Pa\u00eds.<\/p>\n<p style=\"text-align: justify;\">\u201cJuntos, e ao lado do maior ex\u00e9rcito do mundo, nosso povo, atingiremos nossos objetivos e garantiremos a democracia e a liberdade\u201d, disse o presidente em cerim\u00f4nia de cumprimento aos militares promovidos a oficiais-generais.<\/p>\n<p style=\"text-align: justify;\">Bolsonaro tamb\u00e9m afirmou que as<strong> For\u00e7as Armadas est\u00e3o \u201csempre prontas\u201d<\/strong> e voltou a afirmar que seus advers\u00e1rios pol\u00edticos agem \u00e0 margem da lei.<\/p>\n<p style=\"text-align: justify;\">\u201cQueremos \u00e9 que todos cumpram nossa Constitui\u00e7\u00e3o, que pode ter seus defeitos, mas \u00e9 nosso norte\u201d, afirmou o chefe do Executivo no discurso. \u201cV\u00edrus da corrup\u00e7\u00e3o foi praticamente vencido\u201d, completou.<\/p>\n","protected":false},"excerpt":{"rendered":"<p>O presidente Jair Bolsonaro chamou militares de &#8220;\u00e2ncora&#8221; do Brasil e afirmou que tem o povo brasileiro como o \u201cmaior ex\u00e9rcito do mundo\u201d para atingir seus objetivos e garantir a democracia e a liberdade no Pa\u00eds. \u201cJuntos, e ao lado do maior ex\u00e9rcito do mundo, nosso povo, atingiremos nossos objetivos e garantiremos a democracia e [&hellip;]<\/p>\n","protected":false},"author":2,"featured_media":169558,"comment_status":"open","ping_status":"open","sticky":false,"template":"","format":"standard","meta":{"_monsterinsights_skip_tracking":false,"_monsterinsights_sitenote_active":false,"_monsterinsights_sitenote_note":"","_monsterinsights_sitenote_category":0},"categories":[6,30260,30259],"tags":[],"aioseo_notices":[],"_links":{"self":[{"href":"https:\/\/mspontocom.com.br\/site\/wp-json\/wp\/v2\/posts\/169546"}],"collection":[{"href":"https:\/\/mspontocom.com.br\/site\/wp-json\/wp\/v2\/posts"}],"about":[{"href":"https:\/\/mspontocom.com.br\/site\/wp-json\/wp\/v2\/types\/post"}],"author":[{"embeddable":true,"href":"https:\/\/mspontocom.com.br\/site\/wp-json\/wp\/v2\/users\/2"}],"replies":[{"embeddable":true,"href":"https:\/\/mspontocom.com.br\/site\/wp-json\/wp\/v2\/comments?post=169546"}],"version-history":[{"count":2,"href":"https:\/\/mspontocom.com.br\/site\/wp-json\/wp\/v2\/posts\/169546\/revisions"}],"predecessor-version":[{"id":169559,"href":"https:\/\/mspontocom.com.br\/site\/wp-json\/wp\/v2\/posts\/169546\/revisions\/169559"}],"wp:featuredmedia":[{"embeddable":true,"href":"https:\/\/mspontocom.com.br\/site\/wp-json\/wp\/v2\/media\/169558"}],"wp:attachment":[{"href":"https:\/\/mspontocom.com.br\/site\/wp-json\/wp\/v2\/media?parent=169546"}],"wp:term":[{"taxonomy":"category","embeddable":true,"href":"https:\/\/mspontocom.com.br\/site\/wp-json\/wp\/v2\/categories?post=169546"},{"taxonomy":"post_tag","embeddable":true,"href":"https:\/\/mspontocom.com.br\/site\/wp-json\/wp\/v2\/tags?post=169546"}],"curies":[{"name":"wp","href":"https:\/\/api.w.org\/{rel}","templated":true}]}}