{"id":169584,"date":"2022-04-07T08:16:07","date_gmt":"2022-04-07T12:16:07","guid":{"rendered":"https:\/\/mspontocom.com.br\/site\/?p=169584"},"modified":"2022-04-07T06:22:09","modified_gmt":"2022-04-07T10:22:09","slug":"globo-diz-que-petistas-temem-desgaste-eleitoral-com-declaracoes-de-lula","status":"publish","type":"post","link":"https:\/\/mspontocom.com.br\/site\/globo-diz-que-petistas-temem-desgaste-eleitoral-com-declaracoes-de-lula\/","title":{"rendered":"Globo diz que petistas temem desgaste eleitoral com declara\u00e7\u00f5es de Lula"},"content":{"rendered":"<p style=\"text-align: justify;\"><img loading=\"lazy\" class=\"alignnone size-full wp-image-169594\" src=\"https:\/\/mspontocom.com.br\/site\/wp-content\/uploads\/2022\/04\/site-globo-diz-que-petistas-temem-desgaste-eleitoral-com-declaracoes-de-lula-lula-01.jpg\" alt=\"\" width=\"984\" height=\"586\" srcset=\"https:\/\/mspontocom.com.br\/site\/wp-content\/uploads\/2022\/04\/site-globo-diz-que-petistas-temem-desgaste-eleitoral-com-declaracoes-de-lula-lula-01.jpg 984w, https:\/\/mspontocom.com.br\/site\/wp-content\/uploads\/2022\/04\/site-globo-diz-que-petistas-temem-desgaste-eleitoral-com-declaracoes-de-lula-lula-01-260x155.jpg 260w, https:\/\/mspontocom.com.br\/site\/wp-content\/uploads\/2022\/04\/site-globo-diz-que-petistas-temem-desgaste-eleitoral-com-declaracoes-de-lula-lula-01-768x457.jpg 768w\" sizes=\"(max-width: 984px) 100vw, 984px\" \/><\/p>\n<p style=\"text-align: justify;\">As \u00faltimas declara\u00e7\u00f5es de <strong>Lula<\/strong> provocaram no entorno do petista medo de que ele enfrente desgaste eleitoral j\u00e1 neste per\u00edodo de pr\u00e9-campanha, informa <strong>O Globo.<\/strong><\/p>\n<p style=\"text-align: justify;\">Segundo o jornal carioca, os petistas consideraram preocupantes, pela ordem, as falas de Lula em <strong>defesa do aborto, sobre a\u00a0 &#8220;ostenta\u00e7\u00e3o da classe m\u00e9dia&#8221;\u00a0e sobre sua inten\u00e7\u00e3o de tirar do governo 8 mil militares que ocupam cargo de confian\u00e7a.<\/strong><\/p>\n<p style=\"text-align: justify;\"><em>\u201cDe forma reservada, aliados avaliam que as declara\u00e7\u00f5es foram frutos de uma mistura de excesso de confian\u00e7a e de deslizes provocados pelo cansa\u00e7o em virtude da rotina intensa da viagem na semana passada ao Rio e \u00e0 Bahia\u201d<\/em>, escreve <strong>O Globo.<\/strong><\/p>\n<p style=\"text-align: justify;\">Ao contr\u00e1rio do que ocorria em outras campanhas, acrescenta O Globo, h\u00e1 um entendimento de que hoje\u00a0<em>\u201co ex-presidente (\u2026) tem poucas pessoas no seu n\u00facleo mais pr\u00f3ximo com liberdade para apontar seus erros\u201d<\/em>.<\/p>\n<p style=\"text-align: justify;\">\n<p>fonte: O Antagonista<\/p>\n","protected":false},"excerpt":{"rendered":"<p>As \u00faltimas declara\u00e7\u00f5es de Lula provocaram no entorno do petista medo de que ele enfrente desgaste eleitoral j\u00e1 neste per\u00edodo de pr\u00e9-campanha, informa O Globo. Segundo o jornal carioca, os petistas consideraram preocupantes, pela ordem, as falas de Lula em defesa do aborto, sobre a\u00a0 &#8220;ostenta\u00e7\u00e3o da classe m\u00e9dia&#8221;\u00a0e sobre sua inten\u00e7\u00e3o de tirar do [&hellip;]<\/p>\n","protected":false},"author":2,"featured_media":169594,"comment_status":"open","ping_status":"open","sticky":false,"template":"","format":"standard","meta":{"_monsterinsights_skip_tracking":false,"_monsterinsights_sitenote_active":false,"_monsterinsights_sitenote_note":"","_monsterinsights_sitenote_category":0},"categories":[12],"tags":[],"aioseo_notices":[],"_links":{"self":[{"href":"https:\/\/mspontocom.com.br\/site\/wp-json\/wp\/v2\/posts\/169584"}],"collection":[{"href":"https:\/\/mspontocom.com.br\/site\/wp-json\/wp\/v2\/posts"}],"about":[{"href":"https:\/\/mspontocom.com.br\/site\/wp-json\/wp\/v2\/types\/post"}],"author":[{"embeddable":true,"href":"https:\/\/mspontocom.com.br\/site\/wp-json\/wp\/v2\/users\/2"}],"replies":[{"embeddable":true,"href":"https:\/\/mspontocom.com.br\/site\/wp-json\/wp\/v2\/comments?post=169584"}],"version-history":[{"count":2,"href":"https:\/\/mspontocom.com.br\/site\/wp-json\/wp\/v2\/posts\/169584\/revisions"}],"predecessor-version":[{"id":169595,"href":"https:\/\/mspontocom.com.br\/site\/wp-json\/wp\/v2\/posts\/169584\/revisions\/169595"}],"wp:featuredmedia":[{"embeddable":true,"href":"https:\/\/mspontocom.com.br\/site\/wp-json\/wp\/v2\/media\/169594"}],"wp:attachment":[{"href":"https:\/\/mspontocom.com.br\/site\/wp-json\/wp\/v2\/media?parent=169584"}],"wp:term":[{"taxonomy":"category","embeddable":true,"href":"https:\/\/mspontocom.com.br\/site\/wp-json\/wp\/v2\/categories?post=169584"},{"taxonomy":"post_tag","embeddable":true,"href":"https:\/\/mspontocom.com.br\/site\/wp-json\/wp\/v2\/tags?post=169584"}],"curies":[{"name":"wp","href":"https:\/\/api.w.org\/{rel}","templated":true}]}}