{"id":169612,"date":"2022-04-08T05:42:02","date_gmt":"2022-04-08T09:42:02","guid":{"rendered":"https:\/\/mspontocom.com.br\/site\/?p=169612"},"modified":"2022-04-08T05:42:02","modified_gmt":"2022-04-08T09:42:02","slug":"volta-a-cena-do-crime-comeca-hoje-em-sao-paulo","status":"publish","type":"post","link":"https:\/\/mspontocom.com.br\/site\/volta-a-cena-do-crime-comeca-hoje-em-sao-paulo\/","title":{"rendered":"&#8220;Volta \u00e0 cena do crime&#8221; come\u00e7a hoje em S\u00e3o Paulo"},"content":{"rendered":"<p style=\"text-align: justify;\"><img loading=\"lazy\" class=\"alignnone size-full wp-image-169620\" src=\"https:\/\/mspontocom.com.br\/site\/wp-content\/uploads\/2022\/04\/site-volta-a-cena-do-crime-comeca-hoje-em-sao-paulo-alckmin-lula-e1649410859692.jpg\" alt=\"\" width=\"616\" height=\"328\" srcset=\"https:\/\/mspontocom.com.br\/site\/wp-content\/uploads\/2022\/04\/site-volta-a-cena-do-crime-comeca-hoje-em-sao-paulo-alckmin-lula-e1649410859692.jpg 616w, https:\/\/mspontocom.com.br\/site\/wp-content\/uploads\/2022\/04\/site-volta-a-cena-do-crime-comeca-hoje-em-sao-paulo-alckmin-lula-e1649410859692-260x138.jpg 260w\" sizes=\"(max-width: 616px) 100vw, 616px\" \/><\/p>\n<p style=\"text-align: justify;\">O PT e o PSB se re\u00fanem hoje para selar a chapa entre <strong>Lula<\/strong> (PT) e <strong>Geraldo Alckmin<\/strong> (PSB) para as elei\u00e7\u00f5es presidenciais de 2022.<\/p>\n<p style=\"text-align: justify;\">A expectativa \u00e9 que o encontro, realizado em um hotel em S\u00e3o Paulo, sedimente a alian\u00e7a nacional entre os dois partidos, fechada verbalmente, e ajude a resolver impasses internos.<\/p>\n<p style=\"text-align: justify;\">A alian\u00e7a entre os dois, at\u00e9 poucos anos atr\u00e1s impens\u00e1vel, vem se configurando desde o segundo semestre do ano passado.<\/p>\n<p style=\"text-align: justify;\">Em 2017, o ent\u00e3o governador de S\u00e3o Paulo, Geraldo Alckmin, afirmou que, ao tentar retornar ao poder, <strong>Lula \u201cquer voltar \u00e0 cena do crime\u201d.<\/strong> \u201cDepois de ter quebrado o Brasil, Lula diz que quer voltar ao poder, ou seja, ele quer voltar \u00e0 cena do crime. N\u00f3s o derrotaremos nas urnas. <strong>Lula ser\u00e1 condenado nas urnas pela maior recess\u00e3o da hist\u00f3ria\u201d<\/strong>, disse Alckmin.<\/p>\n<p style=\"text-align: justify;\">O ato de hoje\u00a0 servir\u00e1 mais como um gesto. Oficialmente, partidos, federa\u00e7\u00f5es e coliga\u00e7\u00f5es s\u00f3 podem definir seus candidatos nas conven\u00e7\u00f5es partid\u00e1rias, realizadas entre 20 de julho e 5 de agosto.<\/p>\n<p>&nbsp;<\/p>\n","protected":false},"excerpt":{"rendered":"<p>O PT e o PSB se re\u00fanem hoje para selar a chapa entre Lula (PT) e Geraldo Alckmin (PSB) para as elei\u00e7\u00f5es presidenciais de 2022. A expectativa \u00e9 que o encontro, realizado em um hotel em S\u00e3o Paulo, sedimente a alian\u00e7a nacional entre os dois partidos, fechada verbalmente, e ajude a resolver impasses internos. A [&hellip;]<\/p>\n","protected":false},"author":2,"featured_media":169620,"comment_status":"open","ping_status":"open","sticky":false,"template":"","format":"standard","meta":{"_monsterinsights_skip_tracking":false,"_monsterinsights_sitenote_active":false,"_monsterinsights_sitenote_note":"","_monsterinsights_sitenote_category":0},"categories":[30260,30259,12],"tags":[],"aioseo_notices":[],"_links":{"self":[{"href":"https:\/\/mspontocom.com.br\/site\/wp-json\/wp\/v2\/posts\/169612"}],"collection":[{"href":"https:\/\/mspontocom.com.br\/site\/wp-json\/wp\/v2\/posts"}],"about":[{"href":"https:\/\/mspontocom.com.br\/site\/wp-json\/wp\/v2\/types\/post"}],"author":[{"embeddable":true,"href":"https:\/\/mspontocom.com.br\/site\/wp-json\/wp\/v2\/users\/2"}],"replies":[{"embeddable":true,"href":"https:\/\/mspontocom.com.br\/site\/wp-json\/wp\/v2\/comments?post=169612"}],"version-history":[{"count":2,"href":"https:\/\/mspontocom.com.br\/site\/wp-json\/wp\/v2\/posts\/169612\/revisions"}],"predecessor-version":[{"id":169621,"href":"https:\/\/mspontocom.com.br\/site\/wp-json\/wp\/v2\/posts\/169612\/revisions\/169621"}],"wp:featuredmedia":[{"embeddable":true,"href":"https:\/\/mspontocom.com.br\/site\/wp-json\/wp\/v2\/media\/169620"}],"wp:attachment":[{"href":"https:\/\/mspontocom.com.br\/site\/wp-json\/wp\/v2\/media?parent=169612"}],"wp:term":[{"taxonomy":"category","embeddable":true,"href":"https:\/\/mspontocom.com.br\/site\/wp-json\/wp\/v2\/categories?post=169612"},{"taxonomy":"post_tag","embeddable":true,"href":"https:\/\/mspontocom.com.br\/site\/wp-json\/wp\/v2\/tags?post=169612"}],"curies":[{"name":"wp","href":"https:\/\/api.w.org\/{rel}","templated":true}]}}