{"id":169645,"date":"2022-04-09T05:37:50","date_gmt":"2022-04-09T09:37:50","guid":{"rendered":"https:\/\/mspontocom.com.br\/site\/?p=169645"},"modified":"2022-04-09T05:37:50","modified_gmt":"2022-04-09T09:37:50","slug":"bolsonaro-e-psdb-ironizam-alianca-entre-lula-e-alckmin","status":"publish","type":"post","link":"https:\/\/mspontocom.com.br\/site\/bolsonaro-e-psdb-ironizam-alianca-entre-lula-e-alckmin\/","title":{"rendered":"Bolsonaro e PSDB ironizam alian\u00e7a entre Lula e Alckmin"},"content":{"rendered":"<p style=\"text-align: justify;\"><img loading=\"lazy\" class=\"alignnone size-full wp-image-169662\" src=\"https:\/\/mspontocom.com.br\/site\/wp-content\/uploads\/2022\/04\/site-bolsonaro-e-psdb-ironizam-alianca-entre-lula-e-alckmin-alckmin-lula-e1649496953756.jpg\" alt=\"\" width=\"598\" height=\"331\" srcset=\"https:\/\/mspontocom.com.br\/site\/wp-content\/uploads\/2022\/04\/site-bolsonaro-e-psdb-ironizam-alianca-entre-lula-e-alckmin-alckmin-lula-e1649496953756.jpg 598w, https:\/\/mspontocom.com.br\/site\/wp-content\/uploads\/2022\/04\/site-bolsonaro-e-psdb-ironizam-alianca-entre-lula-e-alckmin-alckmin-lula-e1649496953756-260x144.jpg 260w\" sizes=\"(max-width: 598px) 100vw, 598px\" \/><\/p>\n<p style=\"text-align: justify;\">O presidente <strong>Jair Bolsonaro<\/strong> (PL) e o PSDB foram \u00e0s redes sociais\u00a0 para ironizar a oficializa\u00e7\u00e3o da alian\u00e7a entre o ex-governador de S\u00e3o Paulo <strong>Geraldo Alckmin<\/strong> (PSB) e o ex-presidente<strong> Lula<\/strong> (PT).<\/p>\n<p style=\"text-align: justify;\">Lula publicou a foto ao lado do ex-governador e disse: \u201cNossa vontade \u00e9 de reconstruir o Brasil.<\/p>\n<p style=\"text-align: justify;\">A partir de agora \u00e9 companheiro Alckmin e companheiro Lula\u201d.<\/p>\n<p style=\"text-align: justify;\">Bolsonaro compartilhou o post e\u00a0<strong><a href=\"https:\/\/twitter.com\/jairbolsonaro\/status\/1512518774100054027\" target=\"_blank\" rel=\"noopener\">escreveu apenas \u201ckkkk\u201d<\/a><\/strong>, rindo da situa\u00e7\u00e3o.<\/p>\n<p style=\"text-align: justify;\">O PSDB, ex-partido de Geraldo Alckmin, foi al\u00e9m,\u00a0<strong><a href=\"https:\/\/twitter.com\/PSDBoficial\/status\/1512476096813576193\" target=\"_blank\" rel=\"noopener\">resgatou uma postagem de 2014<\/a><\/strong>\u00a0em que o petista afirmou que o ex-governador de S\u00e3o Paulo \u201cparece que mamou at\u00e9 os 14 anos\u201d.<\/p>\n<p style=\"text-align: justify;\">O partido continuou e fez uma compara\u00e7\u00e3o: \u201cLula na coletiva de hoje: \u2018J\u00e1 fui advers\u00e1rio de Alckmin, de Serra e de FHC. Nunca os desrespeitei&#8217;\u201d.<\/p>\n","protected":false},"excerpt":{"rendered":"<p>O presidente Jair Bolsonaro (PL) e o PSDB foram \u00e0s redes sociais\u00a0 para ironizar a oficializa\u00e7\u00e3o da alian\u00e7a entre o ex-governador de S\u00e3o Paulo Geraldo Alckmin (PSB) e o ex-presidente Lula (PT). Lula publicou a foto ao lado do ex-governador e disse: \u201cNossa vontade \u00e9 de reconstruir o Brasil. A partir de agora \u00e9 companheiro [&hellip;]<\/p>\n","protected":false},"author":2,"featured_media":169662,"comment_status":"open","ping_status":"open","sticky":false,"template":"","format":"standard","meta":{"_monsterinsights_skip_tracking":false,"_monsterinsights_sitenote_active":false,"_monsterinsights_sitenote_note":"","_monsterinsights_sitenote_category":0},"categories":[30260,30259,12],"tags":[],"aioseo_notices":[],"_links":{"self":[{"href":"https:\/\/mspontocom.com.br\/site\/wp-json\/wp\/v2\/posts\/169645"}],"collection":[{"href":"https:\/\/mspontocom.com.br\/site\/wp-json\/wp\/v2\/posts"}],"about":[{"href":"https:\/\/mspontocom.com.br\/site\/wp-json\/wp\/v2\/types\/post"}],"author":[{"embeddable":true,"href":"https:\/\/mspontocom.com.br\/site\/wp-json\/wp\/v2\/users\/2"}],"replies":[{"embeddable":true,"href":"https:\/\/mspontocom.com.br\/site\/wp-json\/wp\/v2\/comments?post=169645"}],"version-history":[{"count":2,"href":"https:\/\/mspontocom.com.br\/site\/wp-json\/wp\/v2\/posts\/169645\/revisions"}],"predecessor-version":[{"id":169663,"href":"https:\/\/mspontocom.com.br\/site\/wp-json\/wp\/v2\/posts\/169645\/revisions\/169663"}],"wp:featuredmedia":[{"embeddable":true,"href":"https:\/\/mspontocom.com.br\/site\/wp-json\/wp\/v2\/media\/169662"}],"wp:attachment":[{"href":"https:\/\/mspontocom.com.br\/site\/wp-json\/wp\/v2\/media?parent=169645"}],"wp:term":[{"taxonomy":"category","embeddable":true,"href":"https:\/\/mspontocom.com.br\/site\/wp-json\/wp\/v2\/categories?post=169645"},{"taxonomy":"post_tag","embeddable":true,"href":"https:\/\/mspontocom.com.br\/site\/wp-json\/wp\/v2\/tags?post=169645"}],"curies":[{"name":"wp","href":"https:\/\/api.w.org\/{rel}","templated":true}]}}