{"id":169682,"date":"2022-04-10T06:27:22","date_gmt":"2022-04-10T10:27:22","guid":{"rendered":"https:\/\/mspontocom.com.br\/site\/?p=169682"},"modified":"2022-04-10T06:46:15","modified_gmt":"2022-04-10T10:46:15","slug":"o-stf-nao-pode-ser-instrumento-de-partidos-de-oposicao-afirma-marco-aurelio","status":"publish","type":"post","link":"https:\/\/mspontocom.com.br\/site\/o-stf-nao-pode-ser-instrumento-de-partidos-de-oposicao-afirma-marco-aurelio\/","title":{"rendered":"\u201cO STF n\u00e3o pode ser instrumento de partidos de oposi\u00e7\u00e3o&#8221;, afirma Marco Aur\u00e9lio"},"content":{"rendered":"<p style=\"text-align: justify;\"><img loading=\"lazy\" class=\"alignnone size-full wp-image-169683\" src=\"https:\/\/mspontocom.com.br\/site\/wp-content\/uploads\/2022\/04\/site-o-stf-nao-pode-ser-instrumento-de-partidos-de-oposicao-afirma-marco-aurelio-partidos-de-oposicao-ministro-marco-aurelio-stf-29042020184359526-e1649586389650.jpeg\" alt=\"\" width=\"645\" height=\"339\" srcset=\"https:\/\/mspontocom.com.br\/site\/wp-content\/uploads\/2022\/04\/site-o-stf-nao-pode-ser-instrumento-de-partidos-de-oposicao-afirma-marco-aurelio-partidos-de-oposicao-ministro-marco-aurelio-stf-29042020184359526-e1649586389650.jpeg 645w, https:\/\/mspontocom.com.br\/site\/wp-content\/uploads\/2022\/04\/site-o-stf-nao-pode-ser-instrumento-de-partidos-de-oposicao-afirma-marco-aurelio-partidos-de-oposicao-ministro-marco-aurelio-stf-29042020184359526-e1649586389650-260x137.jpeg 260w\" sizes=\"(max-width: 645px) 100vw, 645px\" \/><\/p>\n<p style=\"text-align: justify;\">Aposentado do Supremo Tribunal Federal (STF)\u00a0 <strong>Marco Aur\u00e9lio Mello<\/strong> segue atento ao que acontece na Corte que frequentou como ministro por 31 anos.<\/p>\n<p style=\"text-align: justify;\">\u00c0 dist\u00e2ncia, mostra-se cr\u00edtico ao esp\u00edrito de confronto do Judici\u00e1rio em rela\u00e7\u00e3o aos demais Poderes, numa animosidade acentuada recentemente pelo epis\u00f3dio do deputado Daniel Silveira.<\/p>\n<p style=\"text-align: justify;\">\u00a0O ex-ministro disse olhar com particular\u00a0 preocupa\u00e7\u00e3o o atual momento de <strong>Alexandre de Moraes<\/strong>, a quem um dia se referiu em plen\u00e1rio como \u2018xerife\u2019.<\/p>\n<p style=\"text-align: justify;\">Perguntado se as decis\u00f5es do STF a favor dos partidos de oposi\u00e7\u00e3o fere a constitui\u00e7\u00e3o, Marco Aur\u00e9lio respondeu:<\/p>\n<p style=\"text-align: justify;\">Sem d\u00favida alguma. O que ocorre? <strong>Certos partidos n\u00e3o figuram no Parlamento, a\u00ed buscam o Supremo<\/strong>. Lembro de um di\u00e1logo entre o deputado federal Jamil Haddad (PSB), j\u00e1 falecido, e o ministro Sep\u00falveda Pertence. Pertence disse: \u2018O senhor est\u00e1 aqui todo dia\u2019. E Haddad respondeu: \u2018Olha, eu presto contas aos meus eleitores\u2019.<\/p>\n<p style=\"text-align: justify;\">O Supremo n\u00e3o pode se prestar a ser instrumento de partidos de oposi\u00e7\u00e3o ao atual governo. Isso n\u00e3o constr\u00f3i.<\/p>\n","protected":false},"excerpt":{"rendered":"<p>Aposentado do Supremo Tribunal Federal (STF)\u00a0 Marco Aur\u00e9lio Mello segue atento ao que acontece na Corte que frequentou como ministro por 31 anos. \u00c0 dist\u00e2ncia, mostra-se cr\u00edtico ao esp\u00edrito de confronto do Judici\u00e1rio em rela\u00e7\u00e3o aos demais Poderes, numa animosidade acentuada recentemente pelo epis\u00f3dio do deputado Daniel Silveira. \u00a0O ex-ministro disse olhar com particular\u00a0 preocupa\u00e7\u00e3o [&hellip;]<\/p>\n","protected":false},"author":2,"featured_media":169683,"comment_status":"open","ping_status":"open","sticky":false,"template":"","format":"standard","meta":{"_monsterinsights_skip_tracking":false,"_monsterinsights_sitenote_active":false,"_monsterinsights_sitenote_note":"","_monsterinsights_sitenote_category":0},"categories":[6,30260,30259],"tags":[],"aioseo_notices":[],"_links":{"self":[{"href":"https:\/\/mspontocom.com.br\/site\/wp-json\/wp\/v2\/posts\/169682"}],"collection":[{"href":"https:\/\/mspontocom.com.br\/site\/wp-json\/wp\/v2\/posts"}],"about":[{"href":"https:\/\/mspontocom.com.br\/site\/wp-json\/wp\/v2\/types\/post"}],"author":[{"embeddable":true,"href":"https:\/\/mspontocom.com.br\/site\/wp-json\/wp\/v2\/users\/2"}],"replies":[{"embeddable":true,"href":"https:\/\/mspontocom.com.br\/site\/wp-json\/wp\/v2\/comments?post=169682"}],"version-history":[{"count":2,"href":"https:\/\/mspontocom.com.br\/site\/wp-json\/wp\/v2\/posts\/169682\/revisions"}],"predecessor-version":[{"id":169689,"href":"https:\/\/mspontocom.com.br\/site\/wp-json\/wp\/v2\/posts\/169682\/revisions\/169689"}],"wp:featuredmedia":[{"embeddable":true,"href":"https:\/\/mspontocom.com.br\/site\/wp-json\/wp\/v2\/media\/169683"}],"wp:attachment":[{"href":"https:\/\/mspontocom.com.br\/site\/wp-json\/wp\/v2\/media?parent=169682"}],"wp:term":[{"taxonomy":"category","embeddable":true,"href":"https:\/\/mspontocom.com.br\/site\/wp-json\/wp\/v2\/categories?post=169682"},{"taxonomy":"post_tag","embeddable":true,"href":"https:\/\/mspontocom.com.br\/site\/wp-json\/wp\/v2\/tags?post=169682"}],"curies":[{"name":"wp","href":"https:\/\/api.w.org\/{rel}","templated":true}]}}