{"id":169699,"date":"2022-04-11T07:50:18","date_gmt":"2022-04-11T11:50:18","guid":{"rendered":"https:\/\/mspontocom.com.br\/site\/?p=169699"},"modified":"2022-04-11T07:50:18","modified_gmt":"2022-04-11T11:50:18","slug":"influenciadores-pro-bolsonaro-entram-na-disputa-por-eleitor-jovem","status":"publish","type":"post","link":"https:\/\/mspontocom.com.br\/site\/influenciadores-pro-bolsonaro-entram-na-disputa-por-eleitor-jovem\/","title":{"rendered":"Influenciadores pr\u00f3-Bolsonaro entram na disputa por eleitor jovem"},"content":{"rendered":"<p style=\"text-align: justify;\"><img loading=\"lazy\" class=\"alignnone size-large wp-image-169720\" src=\"https:\/\/mspontocom.com.br\/site\/wp-content\/uploads\/2022\/04\/site-influenciadores-pro-bolsonaro-entram-na-disputa-por-eleitor-jovem-jovem-e1649677741601-1024x680.jpg\" alt=\"\" width=\"1024\" height=\"680\" srcset=\"https:\/\/mspontocom.com.br\/site\/wp-content\/uploads\/2022\/04\/site-influenciadores-pro-bolsonaro-entram-na-disputa-por-eleitor-jovem-jovem-e1649677741601-1024x680.jpg 1024w, https:\/\/mspontocom.com.br\/site\/wp-content\/uploads\/2022\/04\/site-influenciadores-pro-bolsonaro-entram-na-disputa-por-eleitor-jovem-jovem-e1649677741601-260x173.jpg 260w, https:\/\/mspontocom.com.br\/site\/wp-content\/uploads\/2022\/04\/site-influenciadores-pro-bolsonaro-entram-na-disputa-por-eleitor-jovem-jovem-e1649677741601-768x510.jpg 768w, https:\/\/mspontocom.com.br\/site\/wp-content\/uploads\/2022\/04\/site-influenciadores-pro-bolsonaro-entram-na-disputa-por-eleitor-jovem-jovem-e1649677741601.jpg 1040w\" sizes=\"(max-width: 1024px) 100vw, 1024px\" \/><\/p>\n<p style=\"text-align: justify;\">Os jovens brasileiros de 16 a 17 anos, que t\u00eam direito ao voto facultativo, tornaram-se alvo de uma nova disputa entre <strong>direita<\/strong> e<strong> esquerda<\/strong> nas redes sociais.<\/p>\n<p style=\"text-align: justify;\">Com a aproxima\u00e7\u00e3o do fim do prazo para a emiss\u00e3o de novos t\u00edtulos eleitorais, influenciadores e pol\u00edticos bolsonaristas criaram a campanha <strong>\u201cSou Jovem, Sou Bolsonaro\u201d.<\/strong><\/p>\n<p style=\"text-align: justify;\">Foi uma rea\u00e7\u00e3o a a\u00e7\u00f5es pelo alistamento eleitoral e o voto contra o presidente de personalidades e artistas identificados com a esquerda, como<strong> Anitta,\u00a0Pablo Vittar\u00a0<\/strong>e <strong>Felipe Neto.\u00a0<\/strong><\/p>\n<p style=\"text-align: justify;\">O \u00e1pice foi em 26 de mar\u00e7o, quando o debate contabilizou 167 mil tu\u00edtes, com men\u00e7\u00f5es pelas hashtags <strong>#jovenscombolsonaro<\/strong> e <strong>#soujovemsoubolsonaro.<\/strong><\/p>\n<p style=\"text-align: justify;\"><strong>Alistamento<\/strong><\/p>\n<div>\n<p style=\"text-align: justify;\">A rea\u00e7\u00e3o dos bolsonaristas cresceu nas redes. O n\u00famero de jovens que buscaram os Tribunais Regionais Eleitorais para a emiss\u00e3o do documento subiu.<\/p>\n<p style=\"text-align: justify;\">Apoiadora do movimento, a influenciadora Jessica Seferin, presidente do<strong> movimento Jovens de Direita<\/strong> acumula cerca de 80 mil seguidores nas redes sociais.<\/p>\n<h3 class=\"intertitulo\" style=\"text-align: justify;\">Tik Tok<\/h3>\n<p style=\"text-align: justify;\">No Tik Tok, a influenciadora Julia de Castro acumula cerca de 600 mil curtidas em v\u00eddeos cr\u00edticos ao PT e de apoio ao presidente, um deles sobre a campanha de emiss\u00e3o de t\u00edtulos.<\/p>\n<p>&nbsp;<\/p>\n<p>fonte: O Estado de S.Paulo<\/p>\n<\/div>\n","protected":false},"excerpt":{"rendered":"<p>Os jovens brasileiros de 16 a 17 anos, que t\u00eam direito ao voto facultativo, tornaram-se alvo de uma nova disputa entre direita e esquerda nas redes sociais. Com a aproxima\u00e7\u00e3o do fim do prazo para a emiss\u00e3o de novos t\u00edtulos eleitorais, influenciadores e pol\u00edticos bolsonaristas criaram a campanha \u201cSou Jovem, Sou Bolsonaro\u201d. Foi uma rea\u00e7\u00e3o [&hellip;]<\/p>\n","protected":false},"author":2,"featured_media":169720,"comment_status":"open","ping_status":"open","sticky":false,"template":"","format":"standard","meta":{"_monsterinsights_skip_tracking":false,"_monsterinsights_sitenote_active":false,"_monsterinsights_sitenote_note":"","_monsterinsights_sitenote_category":0},"categories":[30260,30259,12],"tags":[],"aioseo_notices":[],"_links":{"self":[{"href":"https:\/\/mspontocom.com.br\/site\/wp-json\/wp\/v2\/posts\/169699"}],"collection":[{"href":"https:\/\/mspontocom.com.br\/site\/wp-json\/wp\/v2\/posts"}],"about":[{"href":"https:\/\/mspontocom.com.br\/site\/wp-json\/wp\/v2\/types\/post"}],"author":[{"embeddable":true,"href":"https:\/\/mspontocom.com.br\/site\/wp-json\/wp\/v2\/users\/2"}],"replies":[{"embeddable":true,"href":"https:\/\/mspontocom.com.br\/site\/wp-json\/wp\/v2\/comments?post=169699"}],"version-history":[{"count":2,"href":"https:\/\/mspontocom.com.br\/site\/wp-json\/wp\/v2\/posts\/169699\/revisions"}],"predecessor-version":[{"id":169721,"href":"https:\/\/mspontocom.com.br\/site\/wp-json\/wp\/v2\/posts\/169699\/revisions\/169721"}],"wp:featuredmedia":[{"embeddable":true,"href":"https:\/\/mspontocom.com.br\/site\/wp-json\/wp\/v2\/media\/169720"}],"wp:attachment":[{"href":"https:\/\/mspontocom.com.br\/site\/wp-json\/wp\/v2\/media?parent=169699"}],"wp:term":[{"taxonomy":"category","embeddable":true,"href":"https:\/\/mspontocom.com.br\/site\/wp-json\/wp\/v2\/categories?post=169699"},{"taxonomy":"post_tag","embeddable":true,"href":"https:\/\/mspontocom.com.br\/site\/wp-json\/wp\/v2\/tags?post=169699"}],"curies":[{"name":"wp","href":"https:\/\/api.w.org\/{rel}","templated":true}]}}