{"id":169734,"date":"2022-04-11T13:53:51","date_gmt":"2022-04-11T17:53:51","guid":{"rendered":"https:\/\/mspontocom.com.br\/site\/?p=169734"},"modified":"2022-04-11T13:53:51","modified_gmt":"2022-04-11T17:53:51","slug":"em-campanha-lewandowski-critica-governo-e-afirma-que-stf-evitou-piora-da-pandemia","status":"publish","type":"post","link":"https:\/\/mspontocom.com.br\/site\/em-campanha-lewandowski-critica-governo-e-afirma-que-stf-evitou-piora-da-pandemia\/","title":{"rendered":"Em campanha, Lewandowski critica governo e afirma que STF evitou piora da pandemia"},"content":{"rendered":"<p style=\"text-align: justify;\"><img loading=\"lazy\" class=\"alignnone size-large wp-image-169735\" src=\"https:\/\/mspontocom.com.br\/site\/wp-content\/uploads\/2022\/04\/site-em-campanha-lewandowski-critica-governo-e-afirma-que-stf-evitou-piora-da-pandemia-leva-e1649699591712-1024x511.jpeg\" alt=\"\" width=\"1024\" height=\"511\" srcset=\"https:\/\/mspontocom.com.br\/site\/wp-content\/uploads\/2022\/04\/site-em-campanha-lewandowski-critica-governo-e-afirma-que-stf-evitou-piora-da-pandemia-leva-e1649699591712-1024x511.jpeg 1024w, https:\/\/mspontocom.com.br\/site\/wp-content\/uploads\/2022\/04\/site-em-campanha-lewandowski-critica-governo-e-afirma-que-stf-evitou-piora-da-pandemia-leva-e1649699591712-260x130.jpeg 260w, https:\/\/mspontocom.com.br\/site\/wp-content\/uploads\/2022\/04\/site-em-campanha-lewandowski-critica-governo-e-afirma-que-stf-evitou-piora-da-pandemia-leva-e1649699591712-768x383.jpeg 768w, https:\/\/mspontocom.com.br\/site\/wp-content\/uploads\/2022\/04\/site-em-campanha-lewandowski-critica-governo-e-afirma-que-stf-evitou-piora-da-pandemia-leva-e1649699591712.jpeg 1121w\" sizes=\"(max-width: 1024px) 100vw, 1024px\" \/>O ministro <strong>Ricardo Lewandowski,<\/strong> do STF\u00a0criticou o governo Jair Bolsonaro durante o evento Brazil Conference, realizado em Boston.<\/p>\n<p style=\"text-align: justify;\">Segundo o magistrado, a pandemia de coronav\u00edrus s\u00f3 n\u00e3o foi pior no pa\u00eds gra\u00e7as \u00e0 atua\u00e7\u00e3o do STF, que \u201creafirmou o federalismo\u201d e a Constitui\u00e7\u00e3o.<\/p>\n<p style=\"text-align: justify;\">Segundo o juiz do STF, o governo federal \u201crelutou em tomar provid\u00eancias efetivas contra a doen\u00e7a\u201d e coube ao STF determinar a ado\u00e7\u00e3o de medidas, especialmente em rela\u00e7\u00e3o \u00e0 vacina\u00e7\u00e3o, j\u00e1 que o presidente Jair Bolsonaro \u201cdefendia que as vacinas eram experimentais\u201d e n\u00e3o deveriam ser obrigat\u00f3rias.<\/p>\n","protected":false},"excerpt":{"rendered":"<p>O ministro Ricardo Lewandowski, do STF\u00a0criticou o governo Jair Bolsonaro durante o evento Brazil Conference, realizado em Boston. Segundo o magistrado, a pandemia de coronav\u00edrus s\u00f3 n\u00e3o foi pior no pa\u00eds gra\u00e7as \u00e0 atua\u00e7\u00e3o do STF, que \u201creafirmou o federalismo\u201d e a Constitui\u00e7\u00e3o. Segundo o juiz do STF, o governo federal \u201crelutou em tomar provid\u00eancias [&hellip;]<\/p>\n","protected":false},"author":2,"featured_media":169735,"comment_status":"open","ping_status":"open","sticky":false,"template":"","format":"standard","meta":{"_monsterinsights_skip_tracking":false,"_monsterinsights_sitenote_active":false,"_monsterinsights_sitenote_note":"","_monsterinsights_sitenote_category":0},"categories":[30260,30259,12],"tags":[],"aioseo_notices":[],"_links":{"self":[{"href":"https:\/\/mspontocom.com.br\/site\/wp-json\/wp\/v2\/posts\/169734"}],"collection":[{"href":"https:\/\/mspontocom.com.br\/site\/wp-json\/wp\/v2\/posts"}],"about":[{"href":"https:\/\/mspontocom.com.br\/site\/wp-json\/wp\/v2\/types\/post"}],"author":[{"embeddable":true,"href":"https:\/\/mspontocom.com.br\/site\/wp-json\/wp\/v2\/users\/2"}],"replies":[{"embeddable":true,"href":"https:\/\/mspontocom.com.br\/site\/wp-json\/wp\/v2\/comments?post=169734"}],"version-history":[{"count":2,"href":"https:\/\/mspontocom.com.br\/site\/wp-json\/wp\/v2\/posts\/169734\/revisions"}],"predecessor-version":[{"id":169737,"href":"https:\/\/mspontocom.com.br\/site\/wp-json\/wp\/v2\/posts\/169734\/revisions\/169737"}],"wp:featuredmedia":[{"embeddable":true,"href":"https:\/\/mspontocom.com.br\/site\/wp-json\/wp\/v2\/media\/169735"}],"wp:attachment":[{"href":"https:\/\/mspontocom.com.br\/site\/wp-json\/wp\/v2\/media?parent=169734"}],"wp:term":[{"taxonomy":"category","embeddable":true,"href":"https:\/\/mspontocom.com.br\/site\/wp-json\/wp\/v2\/categories?post=169734"},{"taxonomy":"post_tag","embeddable":true,"href":"https:\/\/mspontocom.com.br\/site\/wp-json\/wp\/v2\/tags?post=169734"}],"curies":[{"name":"wp","href":"https:\/\/api.w.org\/{rel}","templated":true}]}}