{"id":169741,"date":"2022-04-12T06:59:56","date_gmt":"2022-04-12T10:59:56","guid":{"rendered":"https:\/\/mspontocom.com.br\/site\/?p=169741"},"modified":"2022-04-12T06:59:56","modified_gmt":"2022-04-12T10:59:56","slug":"traira-renan-calheiros-rifa-o-proprio-partido-para-apoiar-lula","status":"publish","type":"post","link":"https:\/\/mspontocom.com.br\/site\/traira-renan-calheiros-rifa-o-proprio-partido-para-apoiar-lula\/","title":{"rendered":"Tra\u00edra, Renan Calheiros &#8220;rifa&#8221; o pr\u00f3prio partido para apoiar Lula"},"content":{"rendered":"<p class=\"first-paragraph\" style=\"text-align: justify;\"><img loading=\"lazy\" class=\"alignnone size-large wp-image-169755\" src=\"https:\/\/mspontocom.com.br\/site\/wp-content\/uploads\/2022\/04\/site-traira-renan-calheiros-rifa-o-proprio-partido-para-apoiar-lula-renan-e1649761122432-1024x627.jpeg\" alt=\"\" width=\"1024\" height=\"627\" srcset=\"https:\/\/mspontocom.com.br\/site\/wp-content\/uploads\/2022\/04\/site-traira-renan-calheiros-rifa-o-proprio-partido-para-apoiar-lula-renan-e1649761122432-1024x627.jpeg 1024w, https:\/\/mspontocom.com.br\/site\/wp-content\/uploads\/2022\/04\/site-traira-renan-calheiros-rifa-o-proprio-partido-para-apoiar-lula-renan-e1649761122432-260x159.jpeg 260w, https:\/\/mspontocom.com.br\/site\/wp-content\/uploads\/2022\/04\/site-traira-renan-calheiros-rifa-o-proprio-partido-para-apoiar-lula-renan-e1649761122432-768x470.jpeg 768w, https:\/\/mspontocom.com.br\/site\/wp-content\/uploads\/2022\/04\/site-traira-renan-calheiros-rifa-o-proprio-partido-para-apoiar-lula-renan-e1649761122432.jpeg 1091w\" sizes=\"(max-width: 1024px) 100vw, 1024px\" \/><\/p>\n<p class=\"first-paragraph\" style=\"text-align: justify;\">Resistente com o lan\u00e7amento da pr\u00e9-candidatura \u00e0 Presid\u00eancia da senadora <strong>Simone Tebet<\/strong> pelo MDB, o senador <strong>tra\u00edra<\/strong>\u00a0<strong>Renan Calheiros<\/strong> (MDB-AL) avalia que o partido seguir\u00e1 o rumo tomado em 2018 quando o ex-ministro da Fazenda Henrique Meirelles foi lan\u00e7ado ao Planalto.<\/p>\n<p class=\"first-paragraph\" style=\"text-align: justify;\">Na ocasi\u00e3o, ele recebeu 1,2% dos votos no primeiro turno.<\/p>\n<p style=\"text-align: justify;\">Para Calheiros, o importante para o partido, no momento, seria uma avalia\u00e7\u00e3o nas pesquisas eleitorais de inten\u00e7\u00f5es de voto.<\/p>\n<p style=\"text-align: justify;\"><strong>Lula<\/strong> foi um jantar nesta segunda-feira na casa do ex-senador Eun\u00edcio Oliveira (MDB-CE), em Bras\u00edlia, para arregimentar apoio \u00e0 sua candidatura ao Pal\u00e1cio do Planalto.<\/p>\n<p style=\"text-align: justify;\"><strong>Renan e outros pol\u00edticos do MDB defendem o apoio a Lula j\u00e1 no primeiro turno<\/strong>, em contraposi\u00e7\u00e3o ao desejo do Diret\u00f3rio Nacional de ter candidatura pr\u00f3pria ao Planalto.<\/p>\n","protected":false},"excerpt":{"rendered":"<p>Resistente com o lan\u00e7amento da pr\u00e9-candidatura \u00e0 Presid\u00eancia da senadora Simone Tebet pelo MDB, o senador tra\u00edra\u00a0Renan Calheiros (MDB-AL) avalia que o partido seguir\u00e1 o rumo tomado em 2018 quando o ex-ministro da Fazenda Henrique Meirelles foi lan\u00e7ado ao Planalto. Na ocasi\u00e3o, ele recebeu 1,2% dos votos no primeiro turno. Para Calheiros, o importante para [&hellip;]<\/p>\n","protected":false},"author":2,"featured_media":169755,"comment_status":"open","ping_status":"open","sticky":false,"template":"","format":"standard","meta":{"_monsterinsights_skip_tracking":false,"_monsterinsights_sitenote_active":false,"_monsterinsights_sitenote_note":"","_monsterinsights_sitenote_category":0},"categories":[30260,30259,12],"tags":[],"aioseo_notices":[],"_links":{"self":[{"href":"https:\/\/mspontocom.com.br\/site\/wp-json\/wp\/v2\/posts\/169741"}],"collection":[{"href":"https:\/\/mspontocom.com.br\/site\/wp-json\/wp\/v2\/posts"}],"about":[{"href":"https:\/\/mspontocom.com.br\/site\/wp-json\/wp\/v2\/types\/post"}],"author":[{"embeddable":true,"href":"https:\/\/mspontocom.com.br\/site\/wp-json\/wp\/v2\/users\/2"}],"replies":[{"embeddable":true,"href":"https:\/\/mspontocom.com.br\/site\/wp-json\/wp\/v2\/comments?post=169741"}],"version-history":[{"count":4,"href":"https:\/\/mspontocom.com.br\/site\/wp-json\/wp\/v2\/posts\/169741\/revisions"}],"predecessor-version":[{"id":169757,"href":"https:\/\/mspontocom.com.br\/site\/wp-json\/wp\/v2\/posts\/169741\/revisions\/169757"}],"wp:featuredmedia":[{"embeddable":true,"href":"https:\/\/mspontocom.com.br\/site\/wp-json\/wp\/v2\/media\/169755"}],"wp:attachment":[{"href":"https:\/\/mspontocom.com.br\/site\/wp-json\/wp\/v2\/media?parent=169741"}],"wp:term":[{"taxonomy":"category","embeddable":true,"href":"https:\/\/mspontocom.com.br\/site\/wp-json\/wp\/v2\/categories?post=169741"},{"taxonomy":"post_tag","embeddable":true,"href":"https:\/\/mspontocom.com.br\/site\/wp-json\/wp\/v2\/tags?post=169741"}],"curies":[{"name":"wp","href":"https:\/\/api.w.org\/{rel}","templated":true}]}}