{"id":169743,"date":"2022-04-12T06:23:38","date_gmt":"2022-04-12T10:23:38","guid":{"rendered":"https:\/\/mspontocom.com.br\/site\/?p=169743"},"modified":"2022-04-12T06:23:38","modified_gmt":"2022-04-12T10:23:38","slug":"deboche-mp-quer-arquivar-denuncia-contra-lula-e-dilma-por-atrapalhar-a-lava-jato","status":"publish","type":"post","link":"https:\/\/mspontocom.com.br\/site\/deboche-mp-quer-arquivar-denuncia-contra-lula-e-dilma-por-atrapalhar-a-lava-jato\/","title":{"rendered":"DEBOCHE:  MP quer arquivar den\u00fancia contra Lula e Dilma por atrapalhar a Lava Jato"},"content":{"rendered":"<p style=\"text-align: justify;\"><img loading=\"lazy\" class=\"alignnone size-full wp-image-169752\" src=\"https:\/\/mspontocom.com.br\/site\/wp-content\/uploads\/2022\/04\/site-mpf-quer-arquivar-denuncia-contra-lula-e-dilma-por-atrapalhar-a-lava-jato-lula-dilma-rindo01a-e1649758907634.jpg\" alt=\"\" width=\"482\" height=\"313\" srcset=\"https:\/\/mspontocom.com.br\/site\/wp-content\/uploads\/2022\/04\/site-mpf-quer-arquivar-denuncia-contra-lula-e-dilma-por-atrapalhar-a-lava-jato-lula-dilma-rindo01a-e1649758907634.jpg 482w, https:\/\/mspontocom.com.br\/site\/wp-content\/uploads\/2022\/04\/site-mpf-quer-arquivar-denuncia-contra-lula-e-dilma-por-atrapalhar-a-lava-jato-lula-dilma-rindo01a-e1649758907634-260x169.jpg 260w\" sizes=\"(max-width: 482px) 100vw, 482px\" \/><\/p>\n<p style=\"text-align: justify;\">O <b>Minist\u00e9rio P\u00fablico do DF\u00a0<\/b>\u00a0pediu\u00a0 que a den\u00fancia por obstru\u00e7\u00e3o de justi\u00e7a contra os ex-presidentes Lula e Dilma Rousseff\u00a0seja declarada prescrita.<\/p>\n<p style=\"text-align: justify;\"><strong>Lula e Dilma<\/strong> foram acusados por causa da tentativa de indicar o petista como ministro-chefe da Casa Civil, o que lhe daria foro privilegiado e faria com que qualquer acusa\u00e7\u00e3o tivesse que tramitar no Supremo Tribunal Federal, no \u00e2mbito da <strong>Opera\u00e7\u00e3o Lava Jato.<\/strong><\/p>\n<p style=\"text-align: justify;\">Os dois casos aconteceram em 2016 e as den\u00fancias foram oferecidas pelo ex-Procurador Geral da Rep\u00fablica Rodrigo Janot em 2017.<\/p>\n<p style=\"text-align: justify;\">Contudo, o relator do caso no STF, <strong>Edson Fachin,<\/strong> remeteu o inqu\u00e9rito \u00e0 primeira inst\u00e2ncia j\u00e1 que nenhum dos investigados tinha foro privilegiado.<\/p>\n<p style=\"text-align: justify;\">Os novos procuradores respons\u00e1veis pelo caso realizaram novas dilig\u00eancias, mas o procurador Marcus Goulart se manifestou pelo arquivamento da den\u00fancia.<\/p>\n","protected":false},"excerpt":{"rendered":"<p>O Minist\u00e9rio P\u00fablico do DF\u00a0\u00a0pediu\u00a0 que a den\u00fancia por obstru\u00e7\u00e3o de justi\u00e7a contra os ex-presidentes Lula e Dilma Rousseff\u00a0seja declarada prescrita. Lula e Dilma foram acusados por causa da tentativa de indicar o petista como ministro-chefe da Casa Civil, o que lhe daria foro privilegiado e faria com que qualquer acusa\u00e7\u00e3o tivesse que tramitar no [&hellip;]<\/p>\n","protected":false},"author":2,"featured_media":169752,"comment_status":"open","ping_status":"open","sticky":false,"template":"","format":"standard","meta":{"_monsterinsights_skip_tracking":false,"_monsterinsights_sitenote_active":false,"_monsterinsights_sitenote_note":"","_monsterinsights_sitenote_category":0},"categories":[30260,2528,30259],"tags":[],"aioseo_notices":[],"_links":{"self":[{"href":"https:\/\/mspontocom.com.br\/site\/wp-json\/wp\/v2\/posts\/169743"}],"collection":[{"href":"https:\/\/mspontocom.com.br\/site\/wp-json\/wp\/v2\/posts"}],"about":[{"href":"https:\/\/mspontocom.com.br\/site\/wp-json\/wp\/v2\/types\/post"}],"author":[{"embeddable":true,"href":"https:\/\/mspontocom.com.br\/site\/wp-json\/wp\/v2\/users\/2"}],"replies":[{"embeddable":true,"href":"https:\/\/mspontocom.com.br\/site\/wp-json\/wp\/v2\/comments?post=169743"}],"version-history":[{"count":2,"href":"https:\/\/mspontocom.com.br\/site\/wp-json\/wp\/v2\/posts\/169743\/revisions"}],"predecessor-version":[{"id":169753,"href":"https:\/\/mspontocom.com.br\/site\/wp-json\/wp\/v2\/posts\/169743\/revisions\/169753"}],"wp:featuredmedia":[{"embeddable":true,"href":"https:\/\/mspontocom.com.br\/site\/wp-json\/wp\/v2\/media\/169752"}],"wp:attachment":[{"href":"https:\/\/mspontocom.com.br\/site\/wp-json\/wp\/v2\/media?parent=169743"}],"wp:term":[{"taxonomy":"category","embeddable":true,"href":"https:\/\/mspontocom.com.br\/site\/wp-json\/wp\/v2\/categories?post=169743"},{"taxonomy":"post_tag","embeddable":true,"href":"https:\/\/mspontocom.com.br\/site\/wp-json\/wp\/v2\/tags?post=169743"}],"curies":[{"name":"wp","href":"https:\/\/api.w.org\/{rel}","templated":true}]}}