{"id":169745,"date":"2022-04-12T06:12:00","date_gmt":"2022-04-12T10:12:00","guid":{"rendered":"https:\/\/mspontocom.com.br\/site\/?p=169745"},"modified":"2022-04-12T06:12:00","modified_gmt":"2022-04-12T10:12:00","slug":"e-ai-moraes-vai-ficar-quieto-bolsonaro-cobra-stf-sobre-ameaca-de-lula","status":"publish","type":"post","link":"https:\/\/mspontocom.com.br\/site\/e-ai-moraes-vai-ficar-quieto-bolsonaro-cobra-stf-sobre-ameaca-de-lula\/","title":{"rendered":"E a\u00ed Moraes, \u2018Vai ficar quieto?\u2019 Bolsonaro cobra STF sobre amea\u00e7a de Lula"},"content":{"rendered":"<p style=\"text-align: justify;\"><img loading=\"lazy\" class=\"alignnone size-full wp-image-169750\" src=\"https:\/\/mspontocom.com.br\/site\/wp-content\/uploads\/2022\/04\/site-e-ai-moraes-vai-ficar-quieto-bolsonaro-cobra-stf-sobre-ameaca-de-lula-ale1-e1649758217852.jpg\" alt=\"\" width=\"416\" height=\"194\" srcset=\"https:\/\/mspontocom.com.br\/site\/wp-content\/uploads\/2022\/04\/site-e-ai-moraes-vai-ficar-quieto-bolsonaro-cobra-stf-sobre-ameaca-de-lula-ale1-e1649758217852.jpg 416w, https:\/\/mspontocom.com.br\/site\/wp-content\/uploads\/2022\/04\/site-e-ai-moraes-vai-ficar-quieto-bolsonaro-cobra-stf-sobre-ameaca-de-lula-ale1-e1649758217852-260x121.jpg 260w\" sizes=\"(max-width: 416px) 100vw, 416px\" \/><\/p>\n<p style=\"text-align: justify;\">O presidente <strong>Jair Bolsonaro<\/strong>\u00a0(PL) se posicionou sobre as amea\u00e7as realizadas a parlamentares pelo pr\u00e9-candidato \u00e0 Presid\u00eancia, <b>Lula<\/b>\u00a0(PT), e cobrou uma a\u00e7\u00e3o do ministro <strong>Alexandre de Moraes<\/strong> do\u00a0STF.<\/p>\n<p style=\"text-align: justify;\">Segundo o mandat\u00e1rio, os militantes do Partido dos Trabalhadores trabalham para \u201catazanar\u201d a vida dos brasileiros.<\/p>\n<p style=\"text-align: justify;\">\u201cIsso \u00e9 um crime. Alexandre de Moraes, isso \u00e9 um ato antidemocr\u00e1tico. Vai ficar quieto?\u201d, questionou.<\/p>\n<p style=\"text-align: justify;\">As falas do presidente refere-se a uma declara\u00e7\u00e3o dada por <strong>Lula<\/strong> em um evento da Central \u00danica dos Trabalhadores (CUT) em que o petista afirmou que seus apoiadores deveriam mapear os endere\u00e7os residenciais dos congressistas para pressionar seus familiares.<\/p>\n","protected":false},"excerpt":{"rendered":"<p>O presidente Jair Bolsonaro\u00a0(PL) se posicionou sobre as amea\u00e7as realizadas a parlamentares pelo pr\u00e9-candidato \u00e0 Presid\u00eancia, Lula\u00a0(PT), e cobrou uma a\u00e7\u00e3o do ministro Alexandre de Moraes do\u00a0STF. Segundo o mandat\u00e1rio, os militantes do Partido dos Trabalhadores trabalham para \u201catazanar\u201d a vida dos brasileiros. \u201cIsso \u00e9 um crime. Alexandre de Moraes, isso \u00e9 um ato antidemocr\u00e1tico. [&hellip;]<\/p>\n","protected":false},"author":2,"featured_media":169750,"comment_status":"open","ping_status":"open","sticky":false,"template":"","format":"standard","meta":{"_monsterinsights_skip_tracking":false,"_monsterinsights_sitenote_active":false,"_monsterinsights_sitenote_note":"","_monsterinsights_sitenote_category":0},"categories":[30260,2528,30259],"tags":[],"aioseo_notices":[],"_links":{"self":[{"href":"https:\/\/mspontocom.com.br\/site\/wp-json\/wp\/v2\/posts\/169745"}],"collection":[{"href":"https:\/\/mspontocom.com.br\/site\/wp-json\/wp\/v2\/posts"}],"about":[{"href":"https:\/\/mspontocom.com.br\/site\/wp-json\/wp\/v2\/types\/post"}],"author":[{"embeddable":true,"href":"https:\/\/mspontocom.com.br\/site\/wp-json\/wp\/v2\/users\/2"}],"replies":[{"embeddable":true,"href":"https:\/\/mspontocom.com.br\/site\/wp-json\/wp\/v2\/comments?post=169745"}],"version-history":[{"count":2,"href":"https:\/\/mspontocom.com.br\/site\/wp-json\/wp\/v2\/posts\/169745\/revisions"}],"predecessor-version":[{"id":169751,"href":"https:\/\/mspontocom.com.br\/site\/wp-json\/wp\/v2\/posts\/169745\/revisions\/169751"}],"wp:featuredmedia":[{"embeddable":true,"href":"https:\/\/mspontocom.com.br\/site\/wp-json\/wp\/v2\/media\/169750"}],"wp:attachment":[{"href":"https:\/\/mspontocom.com.br\/site\/wp-json\/wp\/v2\/media?parent=169745"}],"wp:term":[{"taxonomy":"category","embeddable":true,"href":"https:\/\/mspontocom.com.br\/site\/wp-json\/wp\/v2\/categories?post=169745"},{"taxonomy":"post_tag","embeddable":true,"href":"https:\/\/mspontocom.com.br\/site\/wp-json\/wp\/v2\/tags?post=169745"}],"curies":[{"name":"wp","href":"https:\/\/api.w.org\/{rel}","templated":true}]}}