{"id":169766,"date":"2022-04-12T05:04:56","date_gmt":"2022-04-12T09:04:56","guid":{"rendered":"https:\/\/mspontocom.com.br\/site\/?p=169766"},"modified":"2022-04-12T07:47:52","modified_gmt":"2022-04-12T11:47:52","slug":"artigo-gaudencio-torquato-a-gangorra-democratica","status":"publish","type":"post","link":"https:\/\/mspontocom.com.br\/site\/artigo-gaudencio-torquato-a-gangorra-democratica\/","title":{"rendered":"Artigo Gaud\u00eancio Torquato:   A GANGORRA DEMOCR\u00c1TICA"},"content":{"rendered":"<p style=\"text-align: justify;\"><img loading=\"lazy\" class=\"alignnone size-full wp-image-169767\" src=\"https:\/\/mspontocom.com.br\/site\/wp-content\/uploads\/2022\/04\/site-gaudencio-1.jpeg\" alt=\"\" width=\"620\" height=\"445\" srcset=\"https:\/\/mspontocom.com.br\/site\/wp-content\/uploads\/2022\/04\/site-gaudencio-1.jpeg 620w, https:\/\/mspontocom.com.br\/site\/wp-content\/uploads\/2022\/04\/site-gaudencio-1-260x187.jpeg 260w\" sizes=\"(max-width: 620px) 100vw, 620px\" \/><\/p>\n<p style=\"text-align: justify;\">O mspontocom publica semanalmente artigo do professor Gaud\u00eancio Torquato.<\/p>\n<p style=\"text-align: justify;\"><strong><em>Torquato \u00e9 jornalista, escritor, professor titular da USP e consultor pol\u00edtico\u00a0<a href=\"mailto:Twitter@gaudtorquato\" target=\"_blank\" rel=\"noopener\">Twitter@gaudtorquato<\/a><\/em><\/strong><\/p>\n<p style=\"text-align: justify;\">\n<p style=\"text-align: justify;\">Duas not\u00edcias alvissareiras. A primeira \u00e9 a da aprova\u00e7\u00e3o pelo Senado americano da primeira ju\u00edza negra na Suprema Corte do pa\u00eds, Ketanji Brown Jackson, por indica\u00e7\u00e3o do presidente Joe Biden, no lugar do magistrado Stephen Bryer, que vai sair em breve. A segunda boa informa\u00e7\u00e3o \u00e9 a suspens\u00e3o da R\u00fassia do Conselho de Direitos Humanos pela maioria dos membros da Organiza\u00e7\u00e3o das Na\u00e7\u00f5es Unidas (ONU).<\/p>\n<p style=\"text-align: justify;\">Ambas est\u00e3o ancoradas nos valores do Estado Democr\u00e1tico de Direito, a primeira com realce para o conceito de direitos e justi\u00e7a para todos, sem preconceito de g\u00eaneros, cores e ra\u00e7as, e a segunda estimulada pela cruel mortandade em Butcha, cidade da Ucr\u00e2nia, onde a R\u00fassia teria cometido um massacre contra civis em fuga no conflito que ali se desenvolve h\u00e1 quase dois meses.<\/p>\n<p style=\"text-align: justify;\">A democracia estaria ganhando de lavada n\u00e3o fossem os contrapontos que se formam no interior das pr\u00f3prias decis\u00f5es que denotam avan\u00e7o dos sistemas democr\u00e1ticos. A come\u00e7ar pela derrota de Donald Trump, que lutou de maneira desbravada na justi\u00e7a americana para provar ter havido fraude nas elei\u00e7\u00f5es. Quando imagin\u00e1vamos que Trump significasse um furac\u00e3o fora de esta\u00e7\u00e3o, n\u00e3o \u00e9 que ele, refugiado em suas magnificas propriedades na Fl\u00f3rida, continua a atirar a torto e a direito, sob os \u00edndices de queda de popularidade de Joe Biden, de quem se esperava ser a estrela brilhante no horizonte da democracia americana? O fato \u00e9 que o rica\u00e7o n\u00e3o abandonou a pol\u00edtica e mais parece um guerrilheiro ensaiando a nova batalha que travar\u00e1 em 2024.<\/p>\n<p style=\"text-align: justify;\">Significa intuir que o conservadorismo est\u00e1 longe de ser banido dos v\u00e3os da democracia. Aqui e ali, sinais, mesmo n\u00e3o t\u00e3o pr\u00f3ximos, transmitem a impress\u00e3o de que os conservadores est\u00e3o fincando estacas fortes nos f\u00e9rteis terrenos democr\u00e1ticos. O presidente franc\u00eas, Emmanuel Macron, cai quatro pontos na pesquisa e v\u00ea se aproximar dele a deputada Marine Le Pen, de 53 anos, que deve chegar ao segundo turno, neste domingo.<\/p>\n<p style=\"text-align: justify;\">A vit\u00f3ria, mais que expressiva, de Viktor Orb\u00e1n, para ser o premier da Hungria, \u00e9 mais um exemplo de como o conservadorismo vai enxertando as hortas da democracia pelo continente europeu. Orb\u00e1n \u00e9 um dos amigos de Vladimir Putin. Se formos dar uma olhada no nosso continente, poderemos at\u00e9 comentar que a vit\u00f3ria de Gabriel Boric, de 36 anos, no Chile, \u00e9 sinal de renova\u00e7\u00e3o.<\/p>\n<p style=\"text-align: justify;\">No Peru, protestos contra o governo de Pedro Castilho s\u00e3o respondidos com repress\u00e3o e toque de recolher. Bolhas de insatisfa\u00e7\u00e3o explodem em diversos recantos do planeta, a comprovar que os sistemas democr\u00e1ticos padecem por conta de demandas reprimidas das massas. Os liberais tampouco t\u00eam conseguido atender aos reclamos e expectativas das popula\u00e7\u00f5es, raz\u00e3o pela qual o ambiente geral de indigna\u00e7\u00e3o d\u00e1 guarida aos governos autorit\u00e1rios.<\/p>\n<p style=\"text-align: justify;\">Ali\u00e1s, \u00e9 sens\u00edvel essa guinada autorit\u00e1ria, segundo reconhece a historiadora Lilia Schwarcz, ao lembrar que o mundo \u201cest\u00e1 reagindo \u00e0s crises recessivas com governos populistas\u201d, que mais sensibilizam as popula\u00e7\u00f5es. Para ela, no caso brasileiro, o PT e o PSDB fizeram um pacto por mais de 30 anos, cujo objetivo era se perpetuarem no poder, deixando de olhar para setores que estavam desgostosos com a pol\u00edtica.<\/p>\n<p style=\"text-align: justify;\">Entre as quest\u00f5es pol\u00eamicas entre os dois partidos est\u00e1 a do meio ambiente, que bate de frente com o setor do agroneg\u00f3cio, a par das pol\u00edticas de inclus\u00e3o social pela educa\u00e7\u00e3o. Os setores mais progressistas enfrentam os n\u00facleos mais autorit\u00e1rios, faltando uma intermedia\u00e7\u00e3o que fa\u00e7a confluir o jogo de interesses. Este ser\u00e1 um tema na mesa do debate eleitoral. Donde emerge a interroga\u00e7\u00e3o: como reagir\u00e3o as massas carentes ante tem\u00e1ticas que muito as afligem, como o alimento barato, o transporte r\u00e1pido e eficiente, o sistema hospitalar bem desenvolvido?<\/p>\n<p style=\"text-align: justify;\">Teremos uma campanha onde o vetor autorit\u00e1rio ser\u00e1 t\u00e3o forte quando o pensamento progressista. E o populismo dos programas de aux\u00edlio ser\u00e1 fundamental para a decis\u00e3o sobre o voto. Vivemos, por enquanto, um clima ainda ameno. Que tende a esquentar a partir de agosto. A especula\u00e7\u00e3o grassar\u00e1 intensa. Mas ningu\u00e9m pode se considerar vencedor. Nem mesmo franco favorito. O verso, por estas plagas, \u00e0s vezes \u00e9 lido pelo reverso.<\/p>\n","protected":false},"excerpt":{"rendered":"<p>O mspontocom publica semanalmente artigo do professor Gaud\u00eancio Torquato. Torquato \u00e9 jornalista, escritor, professor titular da USP e consultor pol\u00edtico\u00a0Twitter@gaudtorquato Duas not\u00edcias alvissareiras. A primeira \u00e9 a da aprova\u00e7\u00e3o pelo Senado americano da primeira ju\u00edza negra na Suprema Corte do pa\u00eds, Ketanji Brown Jackson, por indica\u00e7\u00e3o do presidente Joe Biden, no lugar do magistrado Stephen [&hellip;]<\/p>\n","protected":false},"author":2,"featured_media":169767,"comment_status":"open","ping_status":"open","sticky":false,"template":"","format":"standard","meta":{"_monsterinsights_skip_tracking":false,"_monsterinsights_sitenote_active":false,"_monsterinsights_sitenote_note":"","_monsterinsights_sitenote_category":0},"categories":[12],"tags":[],"aioseo_notices":[],"_links":{"self":[{"href":"https:\/\/mspontocom.com.br\/site\/wp-json\/wp\/v2\/posts\/169766"}],"collection":[{"href":"https:\/\/mspontocom.com.br\/site\/wp-json\/wp\/v2\/posts"}],"about":[{"href":"https:\/\/mspontocom.com.br\/site\/wp-json\/wp\/v2\/types\/post"}],"author":[{"embeddable":true,"href":"https:\/\/mspontocom.com.br\/site\/wp-json\/wp\/v2\/users\/2"}],"replies":[{"embeddable":true,"href":"https:\/\/mspontocom.com.br\/site\/wp-json\/wp\/v2\/comments?post=169766"}],"version-history":[{"count":1,"href":"https:\/\/mspontocom.com.br\/site\/wp-json\/wp\/v2\/posts\/169766\/revisions"}],"predecessor-version":[{"id":169768,"href":"https:\/\/mspontocom.com.br\/site\/wp-json\/wp\/v2\/posts\/169766\/revisions\/169768"}],"wp:featuredmedia":[{"embeddable":true,"href":"https:\/\/mspontocom.com.br\/site\/wp-json\/wp\/v2\/media\/169767"}],"wp:attachment":[{"href":"https:\/\/mspontocom.com.br\/site\/wp-json\/wp\/v2\/media?parent=169766"}],"wp:term":[{"taxonomy":"category","embeddable":true,"href":"https:\/\/mspontocom.com.br\/site\/wp-json\/wp\/v2\/categories?post=169766"},{"taxonomy":"post_tag","embeddable":true,"href":"https:\/\/mspontocom.com.br\/site\/wp-json\/wp\/v2\/tags?post=169766"}],"curies":[{"name":"wp","href":"https:\/\/api.w.org\/{rel}","templated":true}]}}