{"id":169772,"date":"2022-04-13T06:15:53","date_gmt":"2022-04-13T10:15:53","guid":{"rendered":"https:\/\/mspontocom.com.br\/site\/?p=169772"},"modified":"2022-04-13T06:15:53","modified_gmt":"2022-04-13T10:15:53","slug":"senador-critica-fala-de-ministros-do-stf-em-manifestacoes-politicas","status":"publish","type":"post","link":"https:\/\/mspontocom.com.br\/site\/senador-critica-fala-de-ministros-do-stf-em-manifestacoes-politicas\/","title":{"rendered":"Senador critica fala de ministros do STF em manifesta\u00e7\u00f5es pol\u00edticas"},"content":{"rendered":"<p style=\"text-align: justify;\"><img loading=\"lazy\" class=\"alignnone size-large wp-image-169787\" src=\"https:\/\/mspontocom.com.br\/site\/wp-content\/uploads\/2022\/04\/site-senador-critica-fala-de-ministros-do-stf-em-manifestacoes-politicas-stf-1-1024x615.jpg\" alt=\"\" width=\"1024\" height=\"615\" \/>O senador <strong>Lasier Martins<\/strong> (Podemos-RS) protestou durante sess\u00e3o plen\u00e1ria do Senado\u00a0 contra novas manifesta\u00e7\u00f5es de teor pol\u00edtico feitas no exterior por ju\u00edzes do<strong> STF. <\/strong><\/p>\n<p style=\"text-align: justify;\">\u201cN\u00e3o h\u00e1 isen\u00e7\u00e3o e independ\u00eancia. N\u00e3o podemos nos calar diante dessas atitudes\u201d, disse.<\/p>\n<p style=\"text-align: justify;\">Ele considera inaceit\u00e1veis as cr\u00edticas contra o governo feitas em p\u00fablico pelos ministros <strong>Lu\u00eds Roberto Barroso e Ricardo Lewandowski<\/strong> no s\u00e1bado (10) no evento Brazil Conference, realizado em Boston (EUA).<\/p>\n<p style=\"text-align: justify;\"><span style=\"color: #ff0000;\"><strong>\u00a0\u201c\u00c9 inadmiss\u00edvel que dois ministros da Alta Corte fa\u00e7am pronunciamentos para plateias estrangeiras contra o pa\u00eds, contrariando a divis\u00e3o dos Poderes. O Senado deve reagir contra essa irregularidade\u201d, disse Lasier, sublinhando que Barroso e Lewandowski est\u00e3o exercendo atribui\u00e7\u00e3o alheia ao Judici\u00e1rio.<\/strong><\/span><\/p>\n<div id=\"ddp-ads-AD-51\" data-google-query-id=\"CPjB4N7bkPcCFasKuQYdAPQHQw\">\n<div id=\"google_ads_iframe_\/21727414016\/AD-51_0__container__\" style=\"text-align: justify;\">Na \u201cescalada sem limites\u201d de ministros do STF Lasier citou ainda a <strong>anula\u00e7\u00e3o da condena\u00e7\u00e3o de Lula<\/strong> e a liberta\u00e7\u00e3o de dezenas de corruptos em seguida.<\/div>\n<div style=\"text-align: justify;\"><\/div>\n<div style=\"text-align: justify;\">Por isso voltou a cobrar a abertura do processo de <strong>impeachment do ministro Alexandre de Moraes<\/strong>, \u201co campe\u00e3o de arbitrariedades\u201d.<\/div>\n<\/div>\n","protected":false},"excerpt":{"rendered":"<p>O senador Lasier Martins (Podemos-RS) protestou durante sess\u00e3o plen\u00e1ria do Senado\u00a0 contra novas manifesta\u00e7\u00f5es de teor pol\u00edtico feitas no exterior por ju\u00edzes do STF. \u201cN\u00e3o h\u00e1 isen\u00e7\u00e3o e independ\u00eancia. N\u00e3o podemos nos calar diante dessas atitudes\u201d, disse. Ele considera inaceit\u00e1veis as cr\u00edticas contra o governo feitas em p\u00fablico pelos ministros Lu\u00eds Roberto Barroso e Ricardo [&hellip;]<\/p>\n","protected":false},"author":2,"featured_media":169787,"comment_status":"open","ping_status":"open","sticky":false,"template":"","format":"standard","meta":{"_monsterinsights_skip_tracking":false,"_monsterinsights_sitenote_active":false,"_monsterinsights_sitenote_note":"","_monsterinsights_sitenote_category":0},"categories":[30260,30259,12],"tags":[],"aioseo_notices":[],"_links":{"self":[{"href":"https:\/\/mspontocom.com.br\/site\/wp-json\/wp\/v2\/posts\/169772"}],"collection":[{"href":"https:\/\/mspontocom.com.br\/site\/wp-json\/wp\/v2\/posts"}],"about":[{"href":"https:\/\/mspontocom.com.br\/site\/wp-json\/wp\/v2\/types\/post"}],"author":[{"embeddable":true,"href":"https:\/\/mspontocom.com.br\/site\/wp-json\/wp\/v2\/users\/2"}],"replies":[{"embeddable":true,"href":"https:\/\/mspontocom.com.br\/site\/wp-json\/wp\/v2\/comments?post=169772"}],"version-history":[{"count":3,"href":"https:\/\/mspontocom.com.br\/site\/wp-json\/wp\/v2\/posts\/169772\/revisions"}],"predecessor-version":[{"id":169789,"href":"https:\/\/mspontocom.com.br\/site\/wp-json\/wp\/v2\/posts\/169772\/revisions\/169789"}],"wp:featuredmedia":[{"embeddable":true,"href":"https:\/\/mspontocom.com.br\/site\/wp-json\/wp\/v2\/media\/169787"}],"wp:attachment":[{"href":"https:\/\/mspontocom.com.br\/site\/wp-json\/wp\/v2\/media?parent=169772"}],"wp:term":[{"taxonomy":"category","embeddable":true,"href":"https:\/\/mspontocom.com.br\/site\/wp-json\/wp\/v2\/categories?post=169772"},{"taxonomy":"post_tag","embeddable":true,"href":"https:\/\/mspontocom.com.br\/site\/wp-json\/wp\/v2\/tags?post=169772"}],"curies":[{"name":"wp","href":"https:\/\/api.w.org\/{rel}","templated":true}]}}