{"id":169774,"date":"2022-04-13T06:01:00","date_gmt":"2022-04-13T10:01:00","guid":{"rendered":"https:\/\/mspontocom.com.br\/site\/?p=169774"},"modified":"2022-04-13T06:01:00","modified_gmt":"2022-04-13T10:01:00","slug":"bolsonaro-anuncia-contrato-para-instalar-internet-em-12-mil-escolas","status":"publish","type":"post","link":"https:\/\/mspontocom.com.br\/site\/bolsonaro-anuncia-contrato-para-instalar-internet-em-12-mil-escolas\/","title":{"rendered":"Bolsonaro anuncia contrato para instalar internet em 12 mil escolas"},"content":{"rendered":"<p style=\"text-align: justify;\"><img loading=\"lazy\" class=\"alignnone size-full wp-image-169785\" src=\"https:\/\/mspontocom.com.br\/site\/wp-content\/uploads\/2022\/04\/site-bolsonaro-anuncia-contrato-para-instalar-internet-em-12-mil-escolas-inter-e1649843980498.jpeg\" alt=\"\" width=\"730\" height=\"402\" srcset=\"https:\/\/mspontocom.com.br\/site\/wp-content\/uploads\/2022\/04\/site-bolsonaro-anuncia-contrato-para-instalar-internet-em-12-mil-escolas-inter-e1649843980498.jpeg 730w, https:\/\/mspontocom.com.br\/site\/wp-content\/uploads\/2022\/04\/site-bolsonaro-anuncia-contrato-para-instalar-internet-em-12-mil-escolas-inter-e1649843980498-260x143.jpeg 260w\" sizes=\"(max-width: 730px) 100vw, 730px\" \/><\/p>\n<p style=\"text-align: justify;\">O governo anunciou nesta ter\u00e7a-feira a assinatura de um contrato com a Telebras e a RNP (Rede Nacional de Ensino e Pesquisa) para conectar \u00e0<strong> rede de internet<\/strong> 12 mil escolas p\u00fablicas brasileiras, nos pr\u00f3ximos quatro meses.<\/p>\n<p style=\"text-align: justify;\">Segundo o ministro das Comunica\u00e7\u00f5es, F\u00e1bio Faria\u00a0, 14,5 mil dessas institui\u00e7\u00f5es da rede p\u00fablica ainda est\u00e3o sem conex\u00e3o.<\/p>\n<p style=\"text-align: justify;\">Das 12 mil escolas que ganhar\u00e3o internet, cinco mil ser\u00e3o conectadas pela<strong> Telebras. <\/strong><\/p>\n<p style=\"text-align: justify;\">O novo projeto foi divulgado com a presen\u00e7a do presidente <strong>Jair Bolsonaro.<\/strong><\/p>\n<p style=\"text-align: justify;\">Segundo o ministro das Comunica\u00e7\u00f5es, o plano \u00e9 que as 2,5 mil escolas p\u00fablicas que ficaram de fora do projeto de conex\u00e3o sejam contempladas com os recursos previstos no leil\u00e3o do 5G.<\/p>\n<p style=\"text-align: justify;\">Segundo ele, o governo vai zerar a fila de escolas p\u00fablicas sem internet no Sul, Sudeste e Centro-Oeste. No Nordeste, ser\u00e3o &#8220;zerados&#8221; os estabelecimentos em Alagoas, no Piau\u00ed\u00a0 e no Rio Grande do Norte.<\/p>\n","protected":false},"excerpt":{"rendered":"<p>O governo anunciou nesta ter\u00e7a-feira a assinatura de um contrato com a Telebras e a RNP (Rede Nacional de Ensino e Pesquisa) para conectar \u00e0 rede de internet 12 mil escolas p\u00fablicas brasileiras, nos pr\u00f3ximos quatro meses. Segundo o ministro das Comunica\u00e7\u00f5es, F\u00e1bio Faria\u00a0, 14,5 mil dessas institui\u00e7\u00f5es da rede p\u00fablica ainda est\u00e3o sem conex\u00e3o. [&hellip;]<\/p>\n","protected":false},"author":2,"featured_media":169785,"comment_status":"open","ping_status":"open","sticky":false,"template":"","format":"standard","meta":{"_monsterinsights_skip_tracking":false,"_monsterinsights_sitenote_active":false,"_monsterinsights_sitenote_note":"","_monsterinsights_sitenote_category":0},"categories":[6,30260,30259],"tags":[],"aioseo_notices":[],"_links":{"self":[{"href":"https:\/\/mspontocom.com.br\/site\/wp-json\/wp\/v2\/posts\/169774"}],"collection":[{"href":"https:\/\/mspontocom.com.br\/site\/wp-json\/wp\/v2\/posts"}],"about":[{"href":"https:\/\/mspontocom.com.br\/site\/wp-json\/wp\/v2\/types\/post"}],"author":[{"embeddable":true,"href":"https:\/\/mspontocom.com.br\/site\/wp-json\/wp\/v2\/users\/2"}],"replies":[{"embeddable":true,"href":"https:\/\/mspontocom.com.br\/site\/wp-json\/wp\/v2\/comments?post=169774"}],"version-history":[{"count":2,"href":"https:\/\/mspontocom.com.br\/site\/wp-json\/wp\/v2\/posts\/169774\/revisions"}],"predecessor-version":[{"id":169786,"href":"https:\/\/mspontocom.com.br\/site\/wp-json\/wp\/v2\/posts\/169774\/revisions\/169786"}],"wp:featuredmedia":[{"embeddable":true,"href":"https:\/\/mspontocom.com.br\/site\/wp-json\/wp\/v2\/media\/169785"}],"wp:attachment":[{"href":"https:\/\/mspontocom.com.br\/site\/wp-json\/wp\/v2\/media?parent=169774"}],"wp:term":[{"taxonomy":"category","embeddable":true,"href":"https:\/\/mspontocom.com.br\/site\/wp-json\/wp\/v2\/categories?post=169774"},{"taxonomy":"post_tag","embeddable":true,"href":"https:\/\/mspontocom.com.br\/site\/wp-json\/wp\/v2\/tags?post=169774"}],"curies":[{"name":"wp","href":"https:\/\/api.w.org\/{rel}","templated":true}]}}