{"id":169776,"date":"2022-04-13T08:52:14","date_gmt":"2022-04-13T12:52:14","guid":{"rendered":"https:\/\/mspontocom.com.br\/site\/?p=169776"},"modified":"2022-04-13T09:38:34","modified_gmt":"2022-04-13T13:38:34","slug":"governistas-colhem-assinaturas-para-cpi-investigar-gestao-de-lula-e-dilma","status":"publish","type":"post","link":"https:\/\/mspontocom.com.br\/site\/governistas-colhem-assinaturas-para-cpi-investigar-gestao-de-lula-e-dilma\/","title":{"rendered":"Governistas colhem assinaturas para CPI investigar gest\u00e3o de Lula e Dilma"},"content":{"rendered":"<p><img loading=\"lazy\" class=\"size-full wp-image-169795\" src=\"https:\/\/mspontocom.com.br\/site\/wp-content\/uploads\/2022\/04\/site-governistas-colhem-assinaturas-para-cpi-investigar-gestao-de-lula-e-dilma-dilma1-e1649850007464.jpg\" alt=\"\" width=\"844\" height=\"540\" srcset=\"https:\/\/mspontocom.com.br\/site\/wp-content\/uploads\/2022\/04\/site-governistas-colhem-assinaturas-para-cpi-investigar-gestao-de-lula-e-dilma-dilma1-e1649850007464.jpg 844w, https:\/\/mspontocom.com.br\/site\/wp-content\/uploads\/2022\/04\/site-governistas-colhem-assinaturas-para-cpi-investigar-gestao-de-lula-e-dilma-dilma1-e1649850007464-260x166.jpg 260w, https:\/\/mspontocom.com.br\/site\/wp-content\/uploads\/2022\/04\/site-governistas-colhem-assinaturas-para-cpi-investigar-gestao-de-lula-e-dilma-dilma1-e1649850007464-768x491.jpg 768w\" sizes=\"(max-width: 844px) 100vw, 844px\" \/><\/p>\n<p class=\"first-paragraph\" style=\"text-align: justify;\">O l\u00edder do PL, partido do presidente <strong>Jair Bolsonaro,<\/strong> senador Carlos Portinho (RJ), disse\u00a0 que apresentou o pedido para abrir uma Comiss\u00e3o Parlamentar de Inqu\u00e9rito (CPI) para investigar as obras que tiveram in\u00edcio entre os anos de 2006 e 2018.<\/p>\n<p class=\"first-paragraph\" style=\"text-align: justify;\">Neste per\u00edodo, o pa\u00eds estava sob a gest\u00e3o dos petistas <strong>Lula<\/strong>\u00a0(2003-2011), <strong>Dilma Rousseff<\/strong>\u00a0(2012-2016) e do emedebista Michel Temer\u00a0(2016-2018).<\/p>\n<p style=\"text-align: justify;\">Segundo Portinho, o pedido j\u00e1 re\u00fane 28 assinaturas.<\/p>\n<p style=\"text-align: justify;\">Para a instala\u00e7\u00e3o de uma <strong>CPI<\/strong> no Senado Federal s\u00e3o necess\u00e1rias 27 assinaturas.<\/p>\n<p style=\"text-align: justify;\">Al\u00e9m do l\u00edder, <strong>Fl\u00e1vio Bolsonaro<\/strong>\u00a0(PL-RJ), filho do presidente, tamb\u00e9m estava na mobiliza\u00e7\u00e3o para reunir as assinaturas necess\u00e1rias.<\/p>\n<p style=\"text-align: justify;\">O documento diz-se necess\u00e1rio para <strong>\u201capurar eventual irregularidade e crimes na condu\u00e7\u00e3o de obras de edifica\u00e7\u00f5es, bem como, responsabilidade de agentes e ex-agentes p\u00fablicos relativamente \u00e0s a\u00e7\u00f5es e omiss\u00f5es que resultaram na exist\u00eancia de obras p\u00fablicas iniciadas e n\u00e3o-conclu\u00eddas, no per\u00edodo de 2006 at\u00e9 o ano de 2018.<\/strong><\/p>\n<p>&nbsp;<\/p>\n<p>Foto Sergio Lima\/Poder 360<\/p>\n","protected":false},"excerpt":{"rendered":"<p>O l\u00edder do PL, partido do presidente Jair Bolsonaro, senador Carlos Portinho (RJ), disse\u00a0 que apresentou o pedido para abrir uma Comiss\u00e3o Parlamentar de Inqu\u00e9rito (CPI) para investigar as obras que tiveram in\u00edcio entre os anos de 2006 e 2018. Neste per\u00edodo, o pa\u00eds estava sob a gest\u00e3o dos petistas Lula\u00a0(2003-2011), Dilma Rousseff\u00a0(2012-2016) e do [&hellip;]<\/p>\n","protected":false},"author":2,"featured_media":169795,"comment_status":"open","ping_status":"open","sticky":false,"template":"","format":"standard","meta":{"_monsterinsights_skip_tracking":false,"_monsterinsights_sitenote_active":false,"_monsterinsights_sitenote_note":"","_monsterinsights_sitenote_category":0},"categories":[6,30260,30259],"tags":[],"aioseo_notices":[],"_links":{"self":[{"href":"https:\/\/mspontocom.com.br\/site\/wp-json\/wp\/v2\/posts\/169776"}],"collection":[{"href":"https:\/\/mspontocom.com.br\/site\/wp-json\/wp\/v2\/posts"}],"about":[{"href":"https:\/\/mspontocom.com.br\/site\/wp-json\/wp\/v2\/types\/post"}],"author":[{"embeddable":true,"href":"https:\/\/mspontocom.com.br\/site\/wp-json\/wp\/v2\/users\/2"}],"replies":[{"embeddable":true,"href":"https:\/\/mspontocom.com.br\/site\/wp-json\/wp\/v2\/comments?post=169776"}],"version-history":[{"count":2,"href":"https:\/\/mspontocom.com.br\/site\/wp-json\/wp\/v2\/posts\/169776\/revisions"}],"predecessor-version":[{"id":169796,"href":"https:\/\/mspontocom.com.br\/site\/wp-json\/wp\/v2\/posts\/169776\/revisions\/169796"}],"wp:featuredmedia":[{"embeddable":true,"href":"https:\/\/mspontocom.com.br\/site\/wp-json\/wp\/v2\/media\/169795"}],"wp:attachment":[{"href":"https:\/\/mspontocom.com.br\/site\/wp-json\/wp\/v2\/media?parent=169776"}],"wp:term":[{"taxonomy":"category","embeddable":true,"href":"https:\/\/mspontocom.com.br\/site\/wp-json\/wp\/v2\/categories?post=169776"},{"taxonomy":"post_tag","embeddable":true,"href":"https:\/\/mspontocom.com.br\/site\/wp-json\/wp\/v2\/tags?post=169776"}],"curies":[{"name":"wp","href":"https:\/\/api.w.org\/{rel}","templated":true}]}}