{"id":169809,"date":"2022-04-14T06:08:48","date_gmt":"2022-04-14T10:08:48","guid":{"rendered":"https:\/\/mspontocom.com.br\/site\/?p=169809"},"modified":"2022-04-14T06:08:48","modified_gmt":"2022-04-14T10:08:48","slug":"eleicoes-2022-pt-aprova-federacao-com-o-partido-comunista","status":"publish","type":"post","link":"https:\/\/mspontocom.com.br\/site\/eleicoes-2022-pt-aprova-federacao-com-o-partido-comunista\/","title":{"rendered":"Elei\u00e7\u00f5es 2022:  PT aprova federa\u00e7\u00e3o com o Partido Comunista"},"content":{"rendered":"<p style=\"text-align: justify;\"><img loading=\"lazy\" class=\"alignnone size-full wp-image-169821\" src=\"https:\/\/mspontocom.com.br\/site\/wp-content\/uploads\/2022\/04\/site-eleicoes-2022-pt-aprova-federacao-com-o-partido-comunista-comuni-e1649930874834.jpeg\" alt=\"\" width=\"616\" height=\"331\" srcset=\"https:\/\/mspontocom.com.br\/site\/wp-content\/uploads\/2022\/04\/site-eleicoes-2022-pt-aprova-federacao-com-o-partido-comunista-comuni-e1649930874834.jpeg 616w, https:\/\/mspontocom.com.br\/site\/wp-content\/uploads\/2022\/04\/site-eleicoes-2022-pt-aprova-federacao-com-o-partido-comunista-comuni-e1649930874834-260x140.jpeg 260w\" sizes=\"(max-width: 616px) 100vw, 616px\" \/><\/p>\n<p style=\"text-align: justify;\">O diret\u00f3rio do <strong>PT<\/strong> aprovou, nesta quarta-feira (13), o nome do ex-governador de S\u00e3o Paulo <strong>Geraldo Alckmin\u00a0<\/strong>(PSB), para compor chapa como o candidato a vice-presidente de <strong>Lula<\/strong>\u00a0para as elei\u00e7\u00f5es deste ano.<\/p>\n<p style=\"text-align: justify;\">Diret\u00f3rio Nacional do PT tamb\u00e9m aprovou a forma\u00e7\u00e3o de uma federa\u00e7\u00e3o com o <strong>Partido Comunista do Brasil<\/strong> (PCdoB) e o<strong> Partido Verde<\/strong> (PV).<\/p>\n<p style=\"text-align: justify;\">Novidade nas elei\u00e7\u00f5es deste ano, a federa\u00e7\u00e3o permitir\u00e1 que os partidos atuem como uma \u00fanica legenda no Congresso Nacional pelos pr\u00f3ximos quatro anos.<\/p>\n<p style=\"text-align: justify;\">A Assembleia Geral da federa\u00e7\u00e3o ser\u00e1 composta por 60 representantes.<\/p>\n<p style=\"text-align: justify;\">Pelo estatuto aprovado, cada partido ter\u00e1 direito a tr\u00eas cadeiras.<\/p>\n<p style=\"text-align: justify;\">As outras 51 ser\u00e3o divididas com base nos votos obtidos nas elei\u00e7\u00f5es para deputado federal de 2018.<\/p>\n","protected":false},"excerpt":{"rendered":"<p>O diret\u00f3rio do PT aprovou, nesta quarta-feira (13), o nome do ex-governador de S\u00e3o Paulo Geraldo Alckmin\u00a0(PSB), para compor chapa como o candidato a vice-presidente de Lula\u00a0para as elei\u00e7\u00f5es deste ano. Diret\u00f3rio Nacional do PT tamb\u00e9m aprovou a forma\u00e7\u00e3o de uma federa\u00e7\u00e3o com o Partido Comunista do Brasil (PCdoB) e o Partido Verde (PV). Novidade [&hellip;]<\/p>\n","protected":false},"author":2,"featured_media":169821,"comment_status":"open","ping_status":"open","sticky":false,"template":"","format":"standard","meta":{"_monsterinsights_skip_tracking":false,"_monsterinsights_sitenote_active":false,"_monsterinsights_sitenote_note":"","_monsterinsights_sitenote_category":0},"categories":[30260,30259,12],"tags":[],"aioseo_notices":[],"_links":{"self":[{"href":"https:\/\/mspontocom.com.br\/site\/wp-json\/wp\/v2\/posts\/169809"}],"collection":[{"href":"https:\/\/mspontocom.com.br\/site\/wp-json\/wp\/v2\/posts"}],"about":[{"href":"https:\/\/mspontocom.com.br\/site\/wp-json\/wp\/v2\/types\/post"}],"author":[{"embeddable":true,"href":"https:\/\/mspontocom.com.br\/site\/wp-json\/wp\/v2\/users\/2"}],"replies":[{"embeddable":true,"href":"https:\/\/mspontocom.com.br\/site\/wp-json\/wp\/v2\/comments?post=169809"}],"version-history":[{"count":2,"href":"https:\/\/mspontocom.com.br\/site\/wp-json\/wp\/v2\/posts\/169809\/revisions"}],"predecessor-version":[{"id":169822,"href":"https:\/\/mspontocom.com.br\/site\/wp-json\/wp\/v2\/posts\/169809\/revisions\/169822"}],"wp:featuredmedia":[{"embeddable":true,"href":"https:\/\/mspontocom.com.br\/site\/wp-json\/wp\/v2\/media\/169821"}],"wp:attachment":[{"href":"https:\/\/mspontocom.com.br\/site\/wp-json\/wp\/v2\/media?parent=169809"}],"wp:term":[{"taxonomy":"category","embeddable":true,"href":"https:\/\/mspontocom.com.br\/site\/wp-json\/wp\/v2\/categories?post=169809"},{"taxonomy":"post_tag","embeddable":true,"href":"https:\/\/mspontocom.com.br\/site\/wp-json\/wp\/v2\/tags?post=169809"}],"curies":[{"name":"wp","href":"https:\/\/api.w.org\/{rel}","templated":true}]}}