{"id":169844,"date":"2022-04-15T07:28:31","date_gmt":"2022-04-15T11:28:31","guid":{"rendered":"https:\/\/mspontocom.com.br\/site\/?p=169844"},"modified":"2022-04-15T07:28:31","modified_gmt":"2022-04-15T11:28:31","slug":"bolsonaro-manda-recado-ao-stf-pecam-demissao-e-se-candidatem","status":"publish","type":"post","link":"https:\/\/mspontocom.com.br\/site\/bolsonaro-manda-recado-ao-stf-pecam-demissao-e-se-candidatem\/","title":{"rendered":"Bolsonaro manda recado ao STF \u2018Pe\u00e7am demiss\u00e3o e se candidatem\u2019"},"content":{"rendered":"<p style=\"text-align: justify;\"><img loading=\"lazy\" class=\"alignnone size-large wp-image-169867\" src=\"https:\/\/mspontocom.com.br\/site\/wp-content\/uploads\/2022\/04\/site-bolsonaro-manda-recado-ao-stf-pecam-demissao-e-se-candidatem-stf1-1024x576.jpg\" alt=\"\" width=\"1024\" height=\"576\" \/>O presidente <strong>Jair Bolsonaro <\/strong>mandou um recado a ministros do<strong> STF<\/strong>\u00a0 e disse que ju\u00edzes n\u00e3o devem fazer leis.<\/p>\n<p style=\"text-align: justify;\">O mandat\u00e1rio celebrou a rejei\u00e7\u00e3o do requerimento de urg\u00eancia do projeto de lei das fake news no plen\u00e1rio da C\u00e2mara e afirmou que tr\u00eas magistrados querem a aprova\u00e7\u00e3o da proposta.<\/p>\n<p style=\"text-align: justify;\">\u201cIsso n\u00e3o \u00e9 critica, \u00e9 uma constata\u00e7\u00e3o. N\u00e3o deviam estar se metendo nisso. Juiz n\u00e3o \u00e9 pra fazer lei. <strong>Quer fazer lei, pe\u00e7a demiss\u00e3o, se candidate e v\u00e1 fazer lei l\u00e1 na C\u00e2mara, no Senado, na Assembleia Legislativa ou c\u00e2maras municipais<\/strong>. N\u00e3o \u00e9 pra fazer lei l\u00e1 dentro [do STF]\u201d, continuou.<\/p>\n<p style=\"text-align: justify;\">\n","protected":false},"excerpt":{"rendered":"<p>O presidente Jair Bolsonaro mandou um recado a ministros do STF\u00a0 e disse que ju\u00edzes n\u00e3o devem fazer leis. O mandat\u00e1rio celebrou a rejei\u00e7\u00e3o do requerimento de urg\u00eancia do projeto de lei das fake news no plen\u00e1rio da C\u00e2mara e afirmou que tr\u00eas magistrados querem a aprova\u00e7\u00e3o da proposta. \u201cIsso n\u00e3o \u00e9 critica, \u00e9 uma [&hellip;]<\/p>\n","protected":false},"author":2,"featured_media":169867,"comment_status":"open","ping_status":"open","sticky":false,"template":"","format":"standard","meta":{"_monsterinsights_skip_tracking":false,"_monsterinsights_sitenote_active":false,"_monsterinsights_sitenote_note":"","_monsterinsights_sitenote_category":0},"categories":[30260,30259,12],"tags":[],"aioseo_notices":[],"_links":{"self":[{"href":"https:\/\/mspontocom.com.br\/site\/wp-json\/wp\/v2\/posts\/169844"}],"collection":[{"href":"https:\/\/mspontocom.com.br\/site\/wp-json\/wp\/v2\/posts"}],"about":[{"href":"https:\/\/mspontocom.com.br\/site\/wp-json\/wp\/v2\/types\/post"}],"author":[{"embeddable":true,"href":"https:\/\/mspontocom.com.br\/site\/wp-json\/wp\/v2\/users\/2"}],"replies":[{"embeddable":true,"href":"https:\/\/mspontocom.com.br\/site\/wp-json\/wp\/v2\/comments?post=169844"}],"version-history":[{"count":2,"href":"https:\/\/mspontocom.com.br\/site\/wp-json\/wp\/v2\/posts\/169844\/revisions"}],"predecessor-version":[{"id":169868,"href":"https:\/\/mspontocom.com.br\/site\/wp-json\/wp\/v2\/posts\/169844\/revisions\/169868"}],"wp:featuredmedia":[{"embeddable":true,"href":"https:\/\/mspontocom.com.br\/site\/wp-json\/wp\/v2\/media\/169867"}],"wp:attachment":[{"href":"https:\/\/mspontocom.com.br\/site\/wp-json\/wp\/v2\/media?parent=169844"}],"wp:term":[{"taxonomy":"category","embeddable":true,"href":"https:\/\/mspontocom.com.br\/site\/wp-json\/wp\/v2\/categories?post=169844"},{"taxonomy":"post_tag","embeddable":true,"href":"https:\/\/mspontocom.com.br\/site\/wp-json\/wp\/v2\/tags?post=169844"}],"curies":[{"name":"wp","href":"https:\/\/api.w.org\/{rel}","templated":true}]}}