{"id":169846,"date":"2022-04-15T05:46:28","date_gmt":"2022-04-15T09:46:28","guid":{"rendered":"https:\/\/mspontocom.com.br\/site\/?p=169846"},"modified":"2022-04-15T05:46:28","modified_gmt":"2022-04-15T09:46:28","slug":"sao-paulo-se-prepara-para-super-motociata-com-jair-bolsonaro","status":"publish","type":"post","link":"https:\/\/mspontocom.com.br\/site\/sao-paulo-se-prepara-para-super-motociata-com-jair-bolsonaro\/","title":{"rendered":"S\u00e3o Paulo se prepara para super-motociata com Jair Bolsonaro"},"content":{"rendered":"<p style=\"text-align: justify;\"><img loading=\"lazy\" class=\"alignnone size-full wp-image-169856\" src=\"https:\/\/mspontocom.com.br\/site\/wp-content\/uploads\/2022\/04\/site-sao-paulo-se-prepara-para-super-motociata-com-jair-bolsonaro-bolsonaro-motociata-sp7-e1650015883277.jpeg\" alt=\"\" width=\"943\" height=\"535\" srcset=\"https:\/\/mspontocom.com.br\/site\/wp-content\/uploads\/2022\/04\/site-sao-paulo-se-prepara-para-super-motociata-com-jair-bolsonaro-bolsonaro-motociata-sp7-e1650015883277.jpeg 943w, https:\/\/mspontocom.com.br\/site\/wp-content\/uploads\/2022\/04\/site-sao-paulo-se-prepara-para-super-motociata-com-jair-bolsonaro-bolsonaro-motociata-sp7-e1650015883277-260x148.jpeg 260w, https:\/\/mspontocom.com.br\/site\/wp-content\/uploads\/2022\/04\/site-sao-paulo-se-prepara-para-super-motociata-com-jair-bolsonaro-bolsonaro-motociata-sp7-e1650015883277-768x436.jpeg 768w\" sizes=\"(max-width: 943px) 100vw, 943px\" \/>Quem for transitar pelas avenidas de S\u00e3o Paulo\u00a0nesta sexta-feira dever\u00e1 prestar aten\u00e7\u00e3o nas interdi\u00e7\u00f5es do tr\u00e2nsito.<\/p>\n<p style=\"text-align: justify;\">A\u00a0Rodovia dos Bandeirantes\u00a0ser\u00e1 interditada das 8h \u00e0s 15h pela Pol\u00edcia Militar Rodovi\u00e1ria (PMRv), no sentido interior, trecho entre S\u00e3o Paulo e Santa B\u00e1rbara D\u2019Oeste, para uma evento de motociclistas que ter\u00e1 a presen\u00e7a do presidente da Rep\u00fablica, <strong>Jair Bolsonaro.<\/strong><\/p>\n<p style=\"text-align: justify;\">\u00a0O \u2018<strong>Acelera para Cristo<\/strong>\u2018 repete a motociata<strong>\u00a0<\/strong>de 12 de junho do ano passado que reuniu<strong> 1,3 milh\u00e3o de motos<\/strong> em apoio ao presidente.<\/p>\n<p style=\"text-align: justify;\">A estimativa dos organizadores \u00e9 que, neste ano, <strong>mais de 2 milh\u00f5es de motociclistas<\/strong> compare\u00e7am ao evento.<\/p>\n<p style=\"text-align: justify;\">A interdi\u00e7\u00e3o nas vias come\u00e7a no km 13, junto \u00e0 Marginal Tiet\u00ea.<\/p>\n<p style=\"text-align: justify;\">Pain\u00e9is de mensagem vari\u00e1veis estar\u00e3o instalados no Sistema Anhanguera-Bandeirantes para orientar os motoristas a utilizarem a SP-330 nos deslocamentos.<\/p>\n","protected":false},"excerpt":{"rendered":"<p>Quem for transitar pelas avenidas de S\u00e3o Paulo\u00a0nesta sexta-feira dever\u00e1 prestar aten\u00e7\u00e3o nas interdi\u00e7\u00f5es do tr\u00e2nsito. A\u00a0Rodovia dos Bandeirantes\u00a0ser\u00e1 interditada das 8h \u00e0s 15h pela Pol\u00edcia Militar Rodovi\u00e1ria (PMRv), no sentido interior, trecho entre S\u00e3o Paulo e Santa B\u00e1rbara D\u2019Oeste, para uma evento de motociclistas que ter\u00e1 a presen\u00e7a do presidente da Rep\u00fablica, Jair Bolsonaro. [&hellip;]<\/p>\n","protected":false},"author":2,"featured_media":169856,"comment_status":"open","ping_status":"open","sticky":false,"template":"","format":"standard","meta":{"_monsterinsights_skip_tracking":false,"_monsterinsights_sitenote_active":false,"_monsterinsights_sitenote_note":"","_monsterinsights_sitenote_category":0},"categories":[30259,12],"tags":[],"aioseo_notices":[],"_links":{"self":[{"href":"https:\/\/mspontocom.com.br\/site\/wp-json\/wp\/v2\/posts\/169846"}],"collection":[{"href":"https:\/\/mspontocom.com.br\/site\/wp-json\/wp\/v2\/posts"}],"about":[{"href":"https:\/\/mspontocom.com.br\/site\/wp-json\/wp\/v2\/types\/post"}],"author":[{"embeddable":true,"href":"https:\/\/mspontocom.com.br\/site\/wp-json\/wp\/v2\/users\/2"}],"replies":[{"embeddable":true,"href":"https:\/\/mspontocom.com.br\/site\/wp-json\/wp\/v2\/comments?post=169846"}],"version-history":[{"count":2,"href":"https:\/\/mspontocom.com.br\/site\/wp-json\/wp\/v2\/posts\/169846\/revisions"}],"predecessor-version":[{"id":169857,"href":"https:\/\/mspontocom.com.br\/site\/wp-json\/wp\/v2\/posts\/169846\/revisions\/169857"}],"wp:featuredmedia":[{"embeddable":true,"href":"https:\/\/mspontocom.com.br\/site\/wp-json\/wp\/v2\/media\/169856"}],"wp:attachment":[{"href":"https:\/\/mspontocom.com.br\/site\/wp-json\/wp\/v2\/media?parent=169846"}],"wp:term":[{"taxonomy":"category","embeddable":true,"href":"https:\/\/mspontocom.com.br\/site\/wp-json\/wp\/v2\/categories?post=169846"},{"taxonomy":"post_tag","embeddable":true,"href":"https:\/\/mspontocom.com.br\/site\/wp-json\/wp\/v2\/tags?post=169846"}],"curies":[{"name":"wp","href":"https:\/\/api.w.org\/{rel}","templated":true}]}}