{"id":169848,"date":"2022-04-15T06:24:22","date_gmt":"2022-04-15T10:24:22","guid":{"rendered":"https:\/\/mspontocom.com.br\/site\/?p=169848"},"modified":"2022-04-15T06:24:22","modified_gmt":"2022-04-15T10:24:22","slug":"de-volta-a-cena-do-crime-picole-de-chuchu-se-derrete-viva-lula","status":"publish","type":"post","link":"https:\/\/mspontocom.com.br\/site\/de-volta-a-cena-do-crime-picole-de-chuchu-se-derrete-viva-lula\/","title":{"rendered":"De volta \u00e0 cena do crime, Picol\u00e9 de Chuchu se derrete: &#8220;Viva Lula&#8221;"},"content":{"rendered":"<p class=\"first-paragraph\" style=\"text-align: justify;\"><img loading=\"lazy\" class=\"alignnone size-full wp-image-169858\" src=\"https:\/\/mspontocom.com.br\/site\/wp-content\/uploads\/2022\/04\/site-de-volta-a-cena-do-crime-sorvete-de-chuchu-se-derrete-viva-lula-picole-de-chuchu-alckmin.jpg\" alt=\"\" width=\"594\" height=\"312\" srcset=\"https:\/\/mspontocom.com.br\/site\/wp-content\/uploads\/2022\/04\/site-de-volta-a-cena-do-crime-sorvete-de-chuchu-se-derrete-viva-lula-picole-de-chuchu-alckmin.jpg 594w, https:\/\/mspontocom.com.br\/site\/wp-content\/uploads\/2022\/04\/site-de-volta-a-cena-do-crime-sorvete-de-chuchu-se-derrete-viva-lula-picole-de-chuchu-alckmin-260x137.jpg 260w\" sizes=\"(max-width: 594px) 100vw, 594px\" \/><\/p>\n<p class=\"first-paragraph\" style=\"text-align: justify;\">O ex-governador de S\u00e3o Paulo <strong>Geraldo Alckmin<\/strong>\u00a0(PSB), quadro hist\u00f3rico do PSDB e que em 2017 <span style=\"color: #ff0000;\"><strong>acusou Lula de querer voltar \u00e0 cena do crime<\/strong> <\/span>e hoje indicado a vice na pr\u00e9-candidatura do <strong>ex-presidi\u00e1rio<\/strong> entrou no esp\u00edrito da campanha com os novos aliados.<\/p>\n<p class=\"first-paragraph\" style=\"text-align: justify;\">Nesta quinta-feira (14), o ex-tucano participou de um evento do PT com as centrais sindicais em S\u00e3o Paulo e<strong> roubou a cena<\/strong> por n\u00e3o poupar elogios ao companheiro de chapa.<\/p>\n<p style=\"text-align: justify;\">\u201cA luta sindical deu ao Brasil o maior l\u00edder popular deste pa\u00eds.<\/p>\n<p style=\"text-align: justify;\"><strong> Lula! Lula! Viva Lula! Viva os trabalhadores do Brasil!\u201d,<\/strong> gritou Alckmin.<\/p>\n<p style=\"text-align: justify;\">Sem espa\u00e7o dentro do PSDB desde a \u00faltima derrota como candidato presidencial, Geraldo Alckmin enfrentava dificuldades com o partido em S\u00e3o Paulo, que at\u00e9 o m\u00eas passado era governado pelo seu ex-afilhado pol\u00edtico, o ex-governador Jo\u00e3o Doria.<\/p>\n","protected":false},"excerpt":{"rendered":"<p>O ex-governador de S\u00e3o Paulo Geraldo Alckmin\u00a0(PSB), quadro hist\u00f3rico do PSDB e que em 2017 acusou Lula de querer voltar \u00e0 cena do crime e hoje indicado a vice na pr\u00e9-candidatura do ex-presidi\u00e1rio entrou no esp\u00edrito da campanha com os novos aliados. Nesta quinta-feira (14), o ex-tucano participou de um evento do PT com as [&hellip;]<\/p>\n","protected":false},"author":2,"featured_media":169858,"comment_status":"open","ping_status":"open","sticky":false,"template":"","format":"standard","meta":{"_monsterinsights_skip_tracking":false,"_monsterinsights_sitenote_active":false,"_monsterinsights_sitenote_note":"","_monsterinsights_sitenote_category":0},"categories":[30259,12],"tags":[],"aioseo_notices":[],"_links":{"self":[{"href":"https:\/\/mspontocom.com.br\/site\/wp-json\/wp\/v2\/posts\/169848"}],"collection":[{"href":"https:\/\/mspontocom.com.br\/site\/wp-json\/wp\/v2\/posts"}],"about":[{"href":"https:\/\/mspontocom.com.br\/site\/wp-json\/wp\/v2\/types\/post"}],"author":[{"embeddable":true,"href":"https:\/\/mspontocom.com.br\/site\/wp-json\/wp\/v2\/users\/2"}],"replies":[{"embeddable":true,"href":"https:\/\/mspontocom.com.br\/site\/wp-json\/wp\/v2\/comments?post=169848"}],"version-history":[{"count":2,"href":"https:\/\/mspontocom.com.br\/site\/wp-json\/wp\/v2\/posts\/169848\/revisions"}],"predecessor-version":[{"id":169859,"href":"https:\/\/mspontocom.com.br\/site\/wp-json\/wp\/v2\/posts\/169848\/revisions\/169859"}],"wp:featuredmedia":[{"embeddable":true,"href":"https:\/\/mspontocom.com.br\/site\/wp-json\/wp\/v2\/media\/169858"}],"wp:attachment":[{"href":"https:\/\/mspontocom.com.br\/site\/wp-json\/wp\/v2\/media?parent=169848"}],"wp:term":[{"taxonomy":"category","embeddable":true,"href":"https:\/\/mspontocom.com.br\/site\/wp-json\/wp\/v2\/categories?post=169848"},{"taxonomy":"post_tag","embeddable":true,"href":"https:\/\/mspontocom.com.br\/site\/wp-json\/wp\/v2\/tags?post=169848"}],"curies":[{"name":"wp","href":"https:\/\/api.w.org\/{rel}","templated":true}]}}