{"id":169877,"date":"2022-04-16T06:57:21","date_gmt":"2022-04-16T10:57:21","guid":{"rendered":"https:\/\/mspontocom.com.br\/site\/?p=169877"},"modified":"2022-04-16T06:57:21","modified_gmt":"2022-04-16T10:57:21","slug":"sem-lula-nas-ruas-pt-vai-ao-tse-por-motociata-de-bolsonaro","status":"publish","type":"post","link":"https:\/\/mspontocom.com.br\/site\/sem-lula-nas-ruas-pt-vai-ao-tse-por-motociata-de-bolsonaro\/","title":{"rendered":"Sem Lula nas ruas, PT vai ao TSE por motociata de Bolsonaro"},"content":{"rendered":"<p style=\"text-align: justify;\"><img loading=\"lazy\" class=\"alignnone size-large wp-image-169897\" src=\"https:\/\/mspontocom.com.br\/site\/wp-content\/uploads\/2022\/04\/site-sem-lula-nas-ruas-pt-vai-ao-tse-por-motociata-de-bolsonaro-motociata-presidente-bolsonaro-e1650106572899-1024x744.jpg\" alt=\"\" width=\"1024\" height=\"744\" srcset=\"https:\/\/mspontocom.com.br\/site\/wp-content\/uploads\/2022\/04\/site-sem-lula-nas-ruas-pt-vai-ao-tse-por-motociata-de-bolsonaro-motociata-presidente-bolsonaro-e1650106572899-1024x744.jpg 1024w, https:\/\/mspontocom.com.br\/site\/wp-content\/uploads\/2022\/04\/site-sem-lula-nas-ruas-pt-vai-ao-tse-por-motociata-de-bolsonaro-motociata-presidente-bolsonaro-e1650106572899-260x189.jpg 260w, https:\/\/mspontocom.com.br\/site\/wp-content\/uploads\/2022\/04\/site-sem-lula-nas-ruas-pt-vai-ao-tse-por-motociata-de-bolsonaro-motociata-presidente-bolsonaro-e1650106572899-768x558.jpg 768w, https:\/\/mspontocom.com.br\/site\/wp-content\/uploads\/2022\/04\/site-sem-lula-nas-ruas-pt-vai-ao-tse-por-motociata-de-bolsonaro-motociata-presidente-bolsonaro-e1650106572899.jpg 1161w\" sizes=\"(max-width: 1024px) 100vw, 1024px\" \/><\/p>\n<p style=\"text-align: justify;\">O PT pretende acionar o<strong> TSE<\/strong> (Tribunal Superior Eleitoral) contra o presidente <strong>Jair Bolsonaro<\/strong> (PL) por suposta propaganda eleitoral antecipada.<\/p>\n<p style=\"text-align: justify;\">O partido, que deve protocolar representa\u00e7\u00e3o, alega que a<strong> \u201cmotociata\u201d<\/strong> realizada pelo mandat\u00e1rio nesta 6\u00aa feira em S\u00e3o Paulo, teve car\u00e1ter eleitoreiro.<\/p>\n<p style=\"text-align: justify;\">Essa ser\u00e1 a 6\u00aa representa\u00e7\u00e3o do PT enviada ao TSE em uma semana.<\/p>\n<p style=\"text-align: justify;\">O partido j\u00e1 havia acionado a Corte tr\u00eas vezes por outdoors contra o ex-presidente <strong>Luiz In\u00e1cio Lula da Silva<\/strong> instalados em Minas Gerais, Maranh\u00e3o e Mato Grosso.<\/p>\n<p style=\"text-align: justify;\">Uma das pe\u00e7as foi colocada em Divin\u00f3polis (MG). Consta a seguinte mensagem, acompanhada de uma foto de Lula:<strong> \u201cN\u00f3s aqui odiamos este ladr\u00e3o comunista. Fora maldito\u201d.<\/strong><\/p>\n<p style=\"text-align: justify;\">Em Imperatriz (MA), o ex-presidente \u00e9 chamado de <strong>\u201ctraidor da p\u00e1tria\u201d.<\/strong> Em Rondon\u00f3polis (MT), de <strong>\u201cbandido\u201d.<\/strong><\/p>\n","protected":false},"excerpt":{"rendered":"<p>O PT pretende acionar o TSE (Tribunal Superior Eleitoral) contra o presidente Jair Bolsonaro (PL) por suposta propaganda eleitoral antecipada. O partido, que deve protocolar representa\u00e7\u00e3o, alega que a \u201cmotociata\u201d realizada pelo mandat\u00e1rio nesta 6\u00aa feira em S\u00e3o Paulo, teve car\u00e1ter eleitoreiro. Essa ser\u00e1 a 6\u00aa representa\u00e7\u00e3o do PT enviada ao TSE em uma semana. [&hellip;]<\/p>\n","protected":false},"author":2,"featured_media":169897,"comment_status":"open","ping_status":"open","sticky":false,"template":"","format":"standard","meta":{"_monsterinsights_skip_tracking":false,"_monsterinsights_sitenote_active":false,"_monsterinsights_sitenote_note":"","_monsterinsights_sitenote_category":0},"categories":[6,30260,30259,12],"tags":[],"aioseo_notices":[],"_links":{"self":[{"href":"https:\/\/mspontocom.com.br\/site\/wp-json\/wp\/v2\/posts\/169877"}],"collection":[{"href":"https:\/\/mspontocom.com.br\/site\/wp-json\/wp\/v2\/posts"}],"about":[{"href":"https:\/\/mspontocom.com.br\/site\/wp-json\/wp\/v2\/types\/post"}],"author":[{"embeddable":true,"href":"https:\/\/mspontocom.com.br\/site\/wp-json\/wp\/v2\/users\/2"}],"replies":[{"embeddable":true,"href":"https:\/\/mspontocom.com.br\/site\/wp-json\/wp\/v2\/comments?post=169877"}],"version-history":[{"count":2,"href":"https:\/\/mspontocom.com.br\/site\/wp-json\/wp\/v2\/posts\/169877\/revisions"}],"predecessor-version":[{"id":169898,"href":"https:\/\/mspontocom.com.br\/site\/wp-json\/wp\/v2\/posts\/169877\/revisions\/169898"}],"wp:featuredmedia":[{"embeddable":true,"href":"https:\/\/mspontocom.com.br\/site\/wp-json\/wp\/v2\/media\/169897"}],"wp:attachment":[{"href":"https:\/\/mspontocom.com.br\/site\/wp-json\/wp\/v2\/media?parent=169877"}],"wp:term":[{"taxonomy":"category","embeddable":true,"href":"https:\/\/mspontocom.com.br\/site\/wp-json\/wp\/v2\/categories?post=169877"},{"taxonomy":"post_tag","embeddable":true,"href":"https:\/\/mspontocom.com.br\/site\/wp-json\/wp\/v2\/tags?post=169877"}],"curies":[{"name":"wp","href":"https:\/\/api.w.org\/{rel}","templated":true}]}}