{"id":169886,"date":"2022-04-16T05:33:42","date_gmt":"2022-04-16T09:33:42","guid":{"rendered":"https:\/\/mspontocom.com.br\/site\/?p=169886"},"modified":"2022-04-16T05:33:42","modified_gmt":"2022-04-16T09:33:42","slug":"incomodado-com-vaias-forca-sindical-cancela-ato-para-apoiar-lula","status":"publish","type":"post","link":"https:\/\/mspontocom.com.br\/site\/incomodado-com-vaias-forca-sindical-cancela-ato-para-apoiar-lula\/","title":{"rendered":"Incomodado com vaias, For\u00e7a Sindical cancela ato para apoiar Lula"},"content":{"rendered":"<p style=\"text-align: justify;\"><img loading=\"lazy\" class=\"alignnone size-full wp-image-169887\" src=\"https:\/\/mspontocom.com.br\/site\/wp-content\/uploads\/2022\/04\/site-incomodado-com-vaias-forca-sindical-cancela-ato-para-apoiar-lula-lula-01-e1650101553737.jpg\" alt=\"\" width=\"883\" height=\"558\" srcset=\"https:\/\/mspontocom.com.br\/site\/wp-content\/uploads\/2022\/04\/site-incomodado-com-vaias-forca-sindical-cancela-ato-para-apoiar-lula-lula-01-e1650101553737.jpg 883w, https:\/\/mspontocom.com.br\/site\/wp-content\/uploads\/2022\/04\/site-incomodado-com-vaias-forca-sindical-cancela-ato-para-apoiar-lula-lula-01-e1650101553737-260x164.jpg 260w, https:\/\/mspontocom.com.br\/site\/wp-content\/uploads\/2022\/04\/site-incomodado-com-vaias-forca-sindical-cancela-ato-para-apoiar-lula-lula-01-e1650101553737-768x485.jpg 768w\" sizes=\"(max-width: 883px) 100vw, 883px\" \/><\/p>\n<p style=\"text-align: justify;\">Ap\u00f3s ser vaiado em um encontro do<strong> ex-presidi\u00e1rio\u00a0<\/strong><b>Lula<\/b>\u00a0(PT) com sindicalistas e militantes, o presidente do Solidariedade, <strong>Paulinho da For\u00e7a,<\/strong> cancelou um ato que havia marcado para 3 de maio, quando anunciaria apoio oficial \u00e0 pr\u00e9-candidatura do petista ao Pal\u00e1cio do Planalto.<\/p>\n<p style=\"text-align: justify;\">&#8220;L\u00f3gico que voc\u00ea fica incomodado, porque eu n\u00e3o estava em um evento com multid\u00e3o, estava num evento com milit\u00e2ncia, com lideran\u00e7as&#8221;, afirmou Paulinho, que \u00e9 presidente de honra da<strong> For\u00e7a Sindical.<\/strong><\/p>\n<p style=\"text-align: justify;\">Paulinho enviou uma mensagem para a presidente do PT, <strong>Gleise Hoffmann<\/strong>, na qual expressou seu inc\u00f4modo com a situa\u00e7\u00e3o e informou que o ato do dia 3 estava suspenso.<\/p>\n","protected":false},"excerpt":{"rendered":"<p>Ap\u00f3s ser vaiado em um encontro do ex-presidi\u00e1rio\u00a0Lula\u00a0(PT) com sindicalistas e militantes, o presidente do Solidariedade, Paulinho da For\u00e7a, cancelou um ato que havia marcado para 3 de maio, quando anunciaria apoio oficial \u00e0 pr\u00e9-candidatura do petista ao Pal\u00e1cio do Planalto. &#8220;L\u00f3gico que voc\u00ea fica incomodado, porque eu n\u00e3o estava em um evento com multid\u00e3o, [&hellip;]<\/p>\n","protected":false},"author":2,"featured_media":169887,"comment_status":"open","ping_status":"open","sticky":false,"template":"","format":"standard","meta":{"_monsterinsights_skip_tracking":false,"_monsterinsights_sitenote_active":false,"_monsterinsights_sitenote_note":"","_monsterinsights_sitenote_category":0},"categories":[30260,30259,12],"tags":[],"aioseo_notices":[],"_links":{"self":[{"href":"https:\/\/mspontocom.com.br\/site\/wp-json\/wp\/v2\/posts\/169886"}],"collection":[{"href":"https:\/\/mspontocom.com.br\/site\/wp-json\/wp\/v2\/posts"}],"about":[{"href":"https:\/\/mspontocom.com.br\/site\/wp-json\/wp\/v2\/types\/post"}],"author":[{"embeddable":true,"href":"https:\/\/mspontocom.com.br\/site\/wp-json\/wp\/v2\/users\/2"}],"replies":[{"embeddable":true,"href":"https:\/\/mspontocom.com.br\/site\/wp-json\/wp\/v2\/comments?post=169886"}],"version-history":[{"count":1,"href":"https:\/\/mspontocom.com.br\/site\/wp-json\/wp\/v2\/posts\/169886\/revisions"}],"predecessor-version":[{"id":169888,"href":"https:\/\/mspontocom.com.br\/site\/wp-json\/wp\/v2\/posts\/169886\/revisions\/169888"}],"wp:featuredmedia":[{"embeddable":true,"href":"https:\/\/mspontocom.com.br\/site\/wp-json\/wp\/v2\/media\/169887"}],"wp:attachment":[{"href":"https:\/\/mspontocom.com.br\/site\/wp-json\/wp\/v2\/media?parent=169886"}],"wp:term":[{"taxonomy":"category","embeddable":true,"href":"https:\/\/mspontocom.com.br\/site\/wp-json\/wp\/v2\/categories?post=169886"},{"taxonomy":"post_tag","embeddable":true,"href":"https:\/\/mspontocom.com.br\/site\/wp-json\/wp\/v2\/tags?post=169886"}],"curies":[{"name":"wp","href":"https:\/\/api.w.org\/{rel}","templated":true}]}}