{"id":169899,"date":"2022-04-17T07:27:36","date_gmt":"2022-04-17T11:27:36","guid":{"rendered":"https:\/\/mspontocom.com.br\/site\/?p=169899"},"modified":"2022-04-17T07:27:36","modified_gmt":"2022-04-17T11:27:36","slug":"bolsonaro-vai-questionar-ceo-do-whatsapp-sobre-acordo-com-tse","status":"publish","type":"post","link":"https:\/\/mspontocom.com.br\/site\/bolsonaro-vai-questionar-ceo-do-whatsapp-sobre-acordo-com-tse\/","title":{"rendered":"Bolsonaro vai questionar CEO do WhatsApp sobre acordo com TSE"},"content":{"rendered":"<p style=\"text-align: justify;\"><img loading=\"lazy\" class=\"alignnone size-full wp-image-169907\" src=\"https:\/\/mspontocom.com.br\/site\/wp-content\/uploads\/2022\/04\/site-bolsonaro-vai-questionar-ceo-do-whatsapp-sobre-acordo-com-tse-wuats-e1650194793905.jpg\" alt=\"\" width=\"842\" height=\"475\" srcset=\"https:\/\/mspontocom.com.br\/site\/wp-content\/uploads\/2022\/04\/site-bolsonaro-vai-questionar-ceo-do-whatsapp-sobre-acordo-com-tse-wuats-e1650194793905.jpg 842w, https:\/\/mspontocom.com.br\/site\/wp-content\/uploads\/2022\/04\/site-bolsonaro-vai-questionar-ceo-do-whatsapp-sobre-acordo-com-tse-wuats-e1650194793905-260x147.jpg 260w, https:\/\/mspontocom.com.br\/site\/wp-content\/uploads\/2022\/04\/site-bolsonaro-vai-questionar-ceo-do-whatsapp-sobre-acordo-com-tse-wuats-e1650194793905-768x433.jpg 768w\" sizes=\"(max-width: 842px) 100vw, 842px\" \/>O presidente <strong>Jair Bolsonaro<\/strong> disse\u00a0 que vai exigir explica\u00e7\u00f5es do <strong>WhatsApp<\/strong> a respeito do acordo com o <b>TSE<\/b>\u00a0que evita a instala\u00e7\u00e3o de novas funcionalidades na plataforma antes das elei\u00e7\u00f5es de outubro.<\/p>\n<p style=\"text-align: justify;\">\u201cVou buscar o CEO do WhatsApp essa semana e quero ver que acordo \u00e9 esse\u201d, afirmou, em entrevista \u00e0 CNN.<\/p>\n<p style=\"text-align: justify;\">Uma das principais novidades da plataforma para os pr\u00f3ximos meses \u00e9 o recurso de <strong>\u201cComunidades\u201d,<\/strong> que vai permitir a cria\u00e7\u00e3o de grupos com milhares de pessoas dentro do aplicativo.<\/p>\n<p style=\"text-align: justify;\">No entanto, no acordo firmado com a Corte eleitoral, o WhatsApp se comprometeu a aguardar o fim do segundo turno das elei\u00e7\u00f5es para lan\u00e7ar o novo recurso.<\/p>\n<p style=\"text-align: justify;\">Bolsonaro afirmou que j\u00e1 conversou com o ministro das Comunica\u00e7\u00f5es, F\u00e1bio Faria, que deve entrar em contato com o representante do WhatsApp no Brasil para questionar a decis\u00e3o.<\/p>\n<p style=\"text-align: justify;\"><strong>\u201cSe ele (<em>WhatsApp<\/em>) pode fazer um acordo com o TSE, pode fazer comigo tamb\u00e9m, por que n\u00e3o?\u201d, disse.<\/strong><\/p>\n<p style=\"text-align: justify;\">\n","protected":false},"excerpt":{"rendered":"<p>O presidente Jair Bolsonaro disse\u00a0 que vai exigir explica\u00e7\u00f5es do WhatsApp a respeito do acordo com o TSE\u00a0que evita a instala\u00e7\u00e3o de novas funcionalidades na plataforma antes das elei\u00e7\u00f5es de outubro. \u201cVou buscar o CEO do WhatsApp essa semana e quero ver que acordo \u00e9 esse\u201d, afirmou, em entrevista \u00e0 CNN. Uma das principais novidades [&hellip;]<\/p>\n","protected":false},"author":2,"featured_media":169907,"comment_status":"open","ping_status":"open","sticky":false,"template":"","format":"standard","meta":{"_monsterinsights_skip_tracking":false,"_monsterinsights_sitenote_active":false,"_monsterinsights_sitenote_note":"","_monsterinsights_sitenote_category":0},"categories":[6,30260,30259],"tags":[],"aioseo_notices":[],"_links":{"self":[{"href":"https:\/\/mspontocom.com.br\/site\/wp-json\/wp\/v2\/posts\/169899"}],"collection":[{"href":"https:\/\/mspontocom.com.br\/site\/wp-json\/wp\/v2\/posts"}],"about":[{"href":"https:\/\/mspontocom.com.br\/site\/wp-json\/wp\/v2\/types\/post"}],"author":[{"embeddable":true,"href":"https:\/\/mspontocom.com.br\/site\/wp-json\/wp\/v2\/users\/2"}],"replies":[{"embeddable":true,"href":"https:\/\/mspontocom.com.br\/site\/wp-json\/wp\/v2\/comments?post=169899"}],"version-history":[{"count":2,"href":"https:\/\/mspontocom.com.br\/site\/wp-json\/wp\/v2\/posts\/169899\/revisions"}],"predecessor-version":[{"id":169908,"href":"https:\/\/mspontocom.com.br\/site\/wp-json\/wp\/v2\/posts\/169899\/revisions\/169908"}],"wp:featuredmedia":[{"embeddable":true,"href":"https:\/\/mspontocom.com.br\/site\/wp-json\/wp\/v2\/media\/169907"}],"wp:attachment":[{"href":"https:\/\/mspontocom.com.br\/site\/wp-json\/wp\/v2\/media?parent=169899"}],"wp:term":[{"taxonomy":"category","embeddable":true,"href":"https:\/\/mspontocom.com.br\/site\/wp-json\/wp\/v2\/categories?post=169899"},{"taxonomy":"post_tag","embeddable":true,"href":"https:\/\/mspontocom.com.br\/site\/wp-json\/wp\/v2\/tags?post=169899"}],"curies":[{"name":"wp","href":"https:\/\/api.w.org\/{rel}","templated":true}]}}