{"id":169923,"date":"2022-04-18T06:18:30","date_gmt":"2022-04-18T10:18:30","guid":{"rendered":"https:\/\/mspontocom.com.br\/site\/?p=169923"},"modified":"2022-04-18T06:18:30","modified_gmt":"2022-04-18T10:18:30","slug":"falencia-da-russia-e-so-questao-de-tempo-diz-chefe-da-ue","status":"publish","type":"post","link":"https:\/\/mspontocom.com.br\/site\/falencia-da-russia-e-so-questao-de-tempo-diz-chefe-da-ue\/","title":{"rendered":"\u201cFal\u00eancia da R\u00fassia \u00e9 s\u00f3 quest\u00e3o de tempo\u201d, diz chefe da UE"},"content":{"rendered":"<p style=\"text-align: justify;\"><img loading=\"lazy\" class=\"alignnone size-full wp-image-169932\" src=\"https:\/\/mspontocom.com.br\/site\/wp-content\/uploads\/2022\/04\/site-falencia-da-russia-e-so-questao-de-tempo-diz-chefe-da-ue-putin.jpg\" alt=\"\" width=\"768\" height=\"512\" srcset=\"https:\/\/mspontocom.com.br\/site\/wp-content\/uploads\/2022\/04\/site-falencia-da-russia-e-so-questao-de-tempo-diz-chefe-da-ue-putin.jpg 768w, https:\/\/mspontocom.com.br\/site\/wp-content\/uploads\/2022\/04\/site-falencia-da-russia-e-so-questao-de-tempo-diz-chefe-da-ue-putin-260x173.jpg 260w\" sizes=\"(max-width: 768px) 100vw, 768px\" \/><\/p>\n<p style=\"text-align: justify;\">A presidente da <strong>Comiss\u00e3o Europeia<\/strong>, Ursula von der Leyen, afirmou que a fal\u00eancia do Estado russo \u00e9 apenas uma \u201cquest\u00e3o de tempo\u201d devido \u00e0s san\u00e7\u00f5es impostas pelo Ocidente depois do regime de <strong>Vladimir Putin<\/strong> ter invadido a <strong>Ucr\u00e2nia. <\/strong><\/p>\n<p style=\"text-align: justify;\">\u00a0Von der Leyen afirmou que as san\u00e7\u00f5es est\u00e3o afetando cada vez mais a economia russa, \u201csemana ap\u00f3s semana\u201d, e que as \u201cexporta\u00e7\u00f5es de bens para a R\u00fassia ca\u00edram 70%\u201d.<\/p>\n<p style=\"text-align: justify;\">\u201cCentenas de grandes empresas e milhares de especialistas deixaram o pa\u00eds. O PIB na R\u00fassia, de acordo com as previs\u00f5es atuais, ir\u00e1 diminuir em 11%\u201d, afirmou a pol\u00edtica alem\u00e3.<\/p>\n<p style=\"text-align: justify;\">A UE est\u00e1 no momento elaborando num sexto pacote de san\u00e7\u00f5es contra a R\u00fassia.<\/p>\n<p style=\"text-align: justify;\">Segundo <strong>Von de Leyen,<\/strong> a nova rodada deve atingir bancos russos que vinham sendo poupados e o lucrativo setor de petr\u00f3leo controlado por Moscou.<\/p>\n<p style=\"text-align: justify;\">Von de Leyen ainda disse que reduzir os ganhos financeiros de Putin deve ser uma prioridade.<\/p>\n<p style=\"text-align: justify;\">\u201c\u201cO que n\u00e3o deveria acontecer \u00e9 que Putin est\u00e1 obtendo retornos ainda maiores em outros mercados para entregas que, de outra forma, iriam para a UE. Portanto, estamos desenvolvendo mecanismos inteligentes para que o pr\u00f3ximo n\u00edvel de san\u00e7\u00f5es tamb\u00e9m inclua o petr\u00f3leo\u201d.<\/p>\n","protected":false},"excerpt":{"rendered":"<p>A presidente da Comiss\u00e3o Europeia, Ursula von der Leyen, afirmou que a fal\u00eancia do Estado russo \u00e9 apenas uma \u201cquest\u00e3o de tempo\u201d devido \u00e0s san\u00e7\u00f5es impostas pelo Ocidente depois do regime de Vladimir Putin ter invadido a Ucr\u00e2nia. \u00a0Von der Leyen afirmou que as san\u00e7\u00f5es est\u00e3o afetando cada vez mais a economia russa, \u201csemana ap\u00f3s [&hellip;]<\/p>\n","protected":false},"author":2,"featured_media":169932,"comment_status":"open","ping_status":"open","sticky":false,"template":"","format":"standard","meta":{"_monsterinsights_skip_tracking":false,"_monsterinsights_sitenote_active":false,"_monsterinsights_sitenote_note":"","_monsterinsights_sitenote_category":0},"categories":[7],"tags":[],"aioseo_notices":[],"_links":{"self":[{"href":"https:\/\/mspontocom.com.br\/site\/wp-json\/wp\/v2\/posts\/169923"}],"collection":[{"href":"https:\/\/mspontocom.com.br\/site\/wp-json\/wp\/v2\/posts"}],"about":[{"href":"https:\/\/mspontocom.com.br\/site\/wp-json\/wp\/v2\/types\/post"}],"author":[{"embeddable":true,"href":"https:\/\/mspontocom.com.br\/site\/wp-json\/wp\/v2\/users\/2"}],"replies":[{"embeddable":true,"href":"https:\/\/mspontocom.com.br\/site\/wp-json\/wp\/v2\/comments?post=169923"}],"version-history":[{"count":2,"href":"https:\/\/mspontocom.com.br\/site\/wp-json\/wp\/v2\/posts\/169923\/revisions"}],"predecessor-version":[{"id":169933,"href":"https:\/\/mspontocom.com.br\/site\/wp-json\/wp\/v2\/posts\/169923\/revisions\/169933"}],"wp:featuredmedia":[{"embeddable":true,"href":"https:\/\/mspontocom.com.br\/site\/wp-json\/wp\/v2\/media\/169932"}],"wp:attachment":[{"href":"https:\/\/mspontocom.com.br\/site\/wp-json\/wp\/v2\/media?parent=169923"}],"wp:term":[{"taxonomy":"category","embeddable":true,"href":"https:\/\/mspontocom.com.br\/site\/wp-json\/wp\/v2\/categories?post=169923"},{"taxonomy":"post_tag","embeddable":true,"href":"https:\/\/mspontocom.com.br\/site\/wp-json\/wp\/v2\/tags?post=169923"}],"curies":[{"name":"wp","href":"https:\/\/api.w.org\/{rel}","templated":true}]}}