{"id":169953,"date":"2022-04-19T06:50:27","date_gmt":"2022-04-19T10:50:27","guid":{"rendered":"https:\/\/mspontocom.com.br\/site\/?p=169953"},"modified":"2022-04-19T06:50:27","modified_gmt":"2022-04-19T10:50:27","slug":"inimigo-da-lava-jato-stf-reduz-pena-de-marcelo-odebrecht","status":"publish","type":"post","link":"https:\/\/mspontocom.com.br\/site\/inimigo-da-lava-jato-stf-reduz-pena-de-marcelo-odebrecht\/","title":{"rendered":"Inimigo da Lava Jato, STF reduz pena de Marcelo Odebrecht"},"content":{"rendered":"<p style=\"text-align: justify;\"><img loading=\"lazy\" class=\"alignnone size-large wp-image-169973\" src=\"https:\/\/mspontocom.com.br\/site\/wp-content\/uploads\/2022\/04\/site-inimigo-da-lava-jatostf-reduz-pena-de-marcelo-odebrecht-stf1-1024x576.jpg\" alt=\"\" width=\"1024\" height=\"576\" \/><\/p>\n<p style=\"text-align: justify;\">O ministro do <strong>STF<\/strong> Edson Fachin\u00a0reduziu a pena do empres\u00e1rio <strong>Marcelo Odebrecht\u00a0<\/strong>de 10 anos para sete anos e meio, conforme possibilidade prevista em acordo de <strong>dela\u00e7\u00e3o premiada. <\/strong><\/p>\n<p style=\"text-align: justify;\">A Procuradoria-Geral da Rep\u00fablica se manifestou a favor do benef\u00edcio.<\/p>\n<p style=\"text-align: justify;\">O empres\u00e1rio est\u00e1 hoje no <strong>regime aberto<\/strong>, no qual precisa se recolher aos fins de semana e prestar servi\u00e7os comunit\u00e1rios; com a redu\u00e7\u00e3o, ele ficar\u00e1 completamente livre no fim de 2022.<\/p>\n<p style=\"text-align: justify;\">Anteriormente, no \u00e3mbito da <strong>Opera\u00e7\u00e3o Lava Jato<\/strong>, ele ficou preso por dois anos em Curitiba, at\u00e9 dezembro de 2017, quando foi para pris\u00e3o domiciliar conforme o acordo de dela\u00e7\u00e3o.<\/p>\n","protected":false},"excerpt":{"rendered":"<p>O ministro do STF Edson Fachin\u00a0reduziu a pena do empres\u00e1rio Marcelo Odebrecht\u00a0de 10 anos para sete anos e meio, conforme possibilidade prevista em acordo de dela\u00e7\u00e3o premiada. A Procuradoria-Geral da Rep\u00fablica se manifestou a favor do benef\u00edcio. O empres\u00e1rio est\u00e1 hoje no regime aberto, no qual precisa se recolher aos fins de semana e prestar [&hellip;]<\/p>\n","protected":false},"author":2,"featured_media":169973,"comment_status":"open","ping_status":"open","sticky":false,"template":"","format":"standard","meta":{"_monsterinsights_skip_tracking":false,"_monsterinsights_sitenote_active":false,"_monsterinsights_sitenote_note":"","_monsterinsights_sitenote_category":0},"categories":[2528],"tags":[],"aioseo_notices":[],"_links":{"self":[{"href":"https:\/\/mspontocom.com.br\/site\/wp-json\/wp\/v2\/posts\/169953"}],"collection":[{"href":"https:\/\/mspontocom.com.br\/site\/wp-json\/wp\/v2\/posts"}],"about":[{"href":"https:\/\/mspontocom.com.br\/site\/wp-json\/wp\/v2\/types\/post"}],"author":[{"embeddable":true,"href":"https:\/\/mspontocom.com.br\/site\/wp-json\/wp\/v2\/users\/2"}],"replies":[{"embeddable":true,"href":"https:\/\/mspontocom.com.br\/site\/wp-json\/wp\/v2\/comments?post=169953"}],"version-history":[{"count":2,"href":"https:\/\/mspontocom.com.br\/site\/wp-json\/wp\/v2\/posts\/169953\/revisions"}],"predecessor-version":[{"id":169974,"href":"https:\/\/mspontocom.com.br\/site\/wp-json\/wp\/v2\/posts\/169953\/revisions\/169974"}],"wp:featuredmedia":[{"embeddable":true,"href":"https:\/\/mspontocom.com.br\/site\/wp-json\/wp\/v2\/media\/169973"}],"wp:attachment":[{"href":"https:\/\/mspontocom.com.br\/site\/wp-json\/wp\/v2\/media?parent=169953"}],"wp:term":[{"taxonomy":"category","embeddable":true,"href":"https:\/\/mspontocom.com.br\/site\/wp-json\/wp\/v2\/categories?post=169953"},{"taxonomy":"post_tag","embeddable":true,"href":"https:\/\/mspontocom.com.br\/site\/wp-json\/wp\/v2\/tags?post=169953"}],"curies":[{"name":"wp","href":"https:\/\/api.w.org\/{rel}","templated":true}]}}