{"id":169955,"date":"2022-04-19T06:00:08","date_gmt":"2022-04-19T10:00:08","guid":{"rendered":"https:\/\/mspontocom.com.br\/site\/?p=169955"},"modified":"2022-04-19T06:00:08","modified_gmt":"2022-04-19T10:00:08","slug":"pesquisa-mostra-que-aumentam-eleitores-que-se-declaram-de-direita","status":"publish","type":"post","link":"https:\/\/mspontocom.com.br\/site\/pesquisa-mostra-que-aumentam-eleitores-que-se-declaram-de-direita\/","title":{"rendered":"Pesquisa mostra que aumentam eleitores que se declaram de direita"},"content":{"rendered":"<p style=\"text-align: justify;\"><img loading=\"lazy\" class=\"alignnone size-full wp-image-169957\" src=\"https:\/\/mspontocom.com.br\/site\/wp-content\/uploads\/2022\/04\/site-pesqupoderdata-centro-politico-prefere-lula-mas-direita-aumentou-bolsonaro-vacina-e1650362292916.jpg\" alt=\"\" width=\"786\" height=\"423\" srcset=\"https:\/\/mspontocom.com.br\/site\/wp-content\/uploads\/2022\/04\/site-pesqupoderdata-centro-politico-prefere-lula-mas-direita-aumentou-bolsonaro-vacina-e1650362292916.jpg 786w, https:\/\/mspontocom.com.br\/site\/wp-content\/uploads\/2022\/04\/site-pesqupoderdata-centro-politico-prefere-lula-mas-direita-aumentou-bolsonaro-vacina-e1650362292916-260x140.jpg 260w, https:\/\/mspontocom.com.br\/site\/wp-content\/uploads\/2022\/04\/site-pesqupoderdata-centro-politico-prefere-lula-mas-direita-aumentou-bolsonaro-vacina-e1650362292916-768x413.jpg 768w\" sizes=\"(max-width: 786px) 100vw, 786px\" \/>Eleitores que se consideram<strong> \u201cde centro\u201d,<\/strong>\u00a0 perdeu espa\u00e7o para a direita nos \u00faltimos 8 meses.<\/p>\n<p style=\"text-align: justify;\">A informa\u00e7\u00e3o \u00e9 de pesquisa PoderData realizada de 10 a 12 de abril de 2022.<\/p>\n<p style=\"text-align: justify;\">Essa corrente hoje representa s\u00f3 17% do eleitorado, uma queda de 8 pontos percentuais em compara\u00e7\u00e3o a agosto de 2021. <strong>A direta corresponde a 33%.<\/strong><\/p>\n<p style=\"text-align: justify;\">Para obter esse dado, o PoderData perguntou aos entrevistados sobre como se identificam politicamente e cruzou as respostas com as de inten\u00e7\u00e3o de voto.<\/p>\n<p style=\"text-align: justify;\">Esquerda, centro e os que n\u00e3o souberam como responder sobre sua inclina\u00e7\u00e3o pol\u00edtica tendem a votar em Lula.<\/p>\n<p style=\"text-align: justify;\"><strong>Entre os direitistas, Bolsonaro tem melhor pontua\u00e7\u00e3o.<\/strong><\/p>\n<p style=\"text-align: justify;\">O resultado indica migra\u00e7\u00e3o do grupo centrista para o direitista.<\/p>\n<p style=\"text-align: justify;\">Isso ajuda a explicar a alta de Bolsonaro nas pesquisas de l\u00e1 para c\u00e1.<\/p>\n<p style=\"text-align: justify;\">Foram 3.000 entrevistas em 322 munic\u00edpios nas 27 unidades da Federa\u00e7\u00e3o.<\/p>\n<p style=\"text-align: justify;\">A margem de erro \u00e9 de 2 pontos percentuais. O intervalo de confian\u00e7a \u00e9 de 95%.<\/p>\n<p style=\"text-align: justify;\">O registro no TSE \u00e9 BR-00368\/2022.<\/p>\n<p style=\"text-align: justify;\">\n<p style=\"text-align: justify;\">fonte: Poder 360<\/p>\n","protected":false},"excerpt":{"rendered":"<p>Eleitores que se consideram \u201cde centro\u201d,\u00a0 perdeu espa\u00e7o para a direita nos \u00faltimos 8 meses. A informa\u00e7\u00e3o \u00e9 de pesquisa PoderData realizada de 10 a 12 de abril de 2022. Essa corrente hoje representa s\u00f3 17% do eleitorado, uma queda de 8 pontos percentuais em compara\u00e7\u00e3o a agosto de 2021. A direta corresponde a 33%. [&hellip;]<\/p>\n","protected":false},"author":2,"featured_media":169957,"comment_status":"open","ping_status":"open","sticky":false,"template":"","format":"standard","meta":{"_monsterinsights_skip_tracking":false,"_monsterinsights_sitenote_active":false,"_monsterinsights_sitenote_note":"","_monsterinsights_sitenote_category":0},"categories":[30260,30259,12],"tags":[],"aioseo_notices":[],"_links":{"self":[{"href":"https:\/\/mspontocom.com.br\/site\/wp-json\/wp\/v2\/posts\/169955"}],"collection":[{"href":"https:\/\/mspontocom.com.br\/site\/wp-json\/wp\/v2\/posts"}],"about":[{"href":"https:\/\/mspontocom.com.br\/site\/wp-json\/wp\/v2\/types\/post"}],"author":[{"embeddable":true,"href":"https:\/\/mspontocom.com.br\/site\/wp-json\/wp\/v2\/users\/2"}],"replies":[{"embeddable":true,"href":"https:\/\/mspontocom.com.br\/site\/wp-json\/wp\/v2\/comments?post=169955"}],"version-history":[{"count":2,"href":"https:\/\/mspontocom.com.br\/site\/wp-json\/wp\/v2\/posts\/169955\/revisions"}],"predecessor-version":[{"id":169958,"href":"https:\/\/mspontocom.com.br\/site\/wp-json\/wp\/v2\/posts\/169955\/revisions\/169958"}],"wp:featuredmedia":[{"embeddable":true,"href":"https:\/\/mspontocom.com.br\/site\/wp-json\/wp\/v2\/media\/169957"}],"wp:attachment":[{"href":"https:\/\/mspontocom.com.br\/site\/wp-json\/wp\/v2\/media?parent=169955"}],"wp:term":[{"taxonomy":"category","embeddable":true,"href":"https:\/\/mspontocom.com.br\/site\/wp-json\/wp\/v2\/categories?post=169955"},{"taxonomy":"post_tag","embeddable":true,"href":"https:\/\/mspontocom.com.br\/site\/wp-json\/wp\/v2\/tags?post=169955"}],"curies":[{"name":"wp","href":"https:\/\/api.w.org\/{rel}","templated":true}]}}