{"id":169985,"date":"2022-04-20T06:03:50","date_gmt":"2022-04-20T10:03:50","guid":{"rendered":"https:\/\/mspontocom.com.br\/site\/?p=169985"},"modified":"2022-04-20T06:03:50","modified_gmt":"2022-04-20T10:03:50","slug":"stj-mantem-condenacao-de-jose-dirceu-na-operacao-lava-jato","status":"publish","type":"post","link":"https:\/\/mspontocom.com.br\/site\/stj-mantem-condenacao-de-jose-dirceu-na-operacao-lava-jato\/","title":{"rendered":"STJ mant\u00e9m condena\u00e7\u00e3o de Jos\u00e9 Dirceu na Opera\u00e7\u00e3o Lava Jato"},"content":{"rendered":"<p style=\"text-align: justify;\"><img loading=\"lazy\" class=\"alignnone size-full wp-image-169996\" src=\"https:\/\/mspontocom.com.br\/site\/wp-content\/uploads\/2022\/04\/site-stj-mantem-condenacao-de-jose-dirceu-na-operacao-lava-jato-dirceu-e1650448939755.jpg\" alt=\"\" width=\"842\" height=\"449\" srcset=\"https:\/\/mspontocom.com.br\/site\/wp-content\/uploads\/2022\/04\/site-stj-mantem-condenacao-de-jose-dirceu-na-operacao-lava-jato-dirceu-e1650448939755.jpg 842w, https:\/\/mspontocom.com.br\/site\/wp-content\/uploads\/2022\/04\/site-stj-mantem-condenacao-de-jose-dirceu-na-operacao-lava-jato-dirceu-e1650448939755-260x139.jpg 260w, https:\/\/mspontocom.com.br\/site\/wp-content\/uploads\/2022\/04\/site-stj-mantem-condenacao-de-jose-dirceu-na-operacao-lava-jato-dirceu-e1650448939755-768x410.jpg 768w\" sizes=\"(max-width: 842px) 100vw, 842px\" \/>A Quinta Turma do STJ (Superior Tribunal de Justi\u00e7a) decidiu manter a <strong>condena\u00e7\u00e3o<\/strong> do ex-ministro <strong>Jos\u00e9 Dirceu<\/strong> e de outros r\u00e9us no \u00e2mbito da <strong>Opera\u00e7\u00e3o Lava Jato. <\/strong><\/p>\n<p style=\"text-align: justify;\">Segundo o site do STJ, a decis\u00e3o foi uma confirma\u00e7\u00e3o do ato monocr\u00e1tico do desembargador convocado Leopoldo de Arruda Raposo.<\/p>\n<p style=\"text-align: justify;\">O TRF-4 (Tribunal Regional Federal da 4\u00aa Regi\u00e3o) j\u00e1 havia condenado Dirceu a 27 anos e quatro meses de reclus\u00e3o com pena a ser cumprida, inicialmente, em regime fechado.<\/p>\n<p style=\"text-align: justify;\">Entre os crimes apontados ao ex-ministro estavam<strong> associa\u00e7\u00e3o criminosa, corrup\u00e7\u00e3o ativa e lavagem de dinheiro.<\/strong><\/p>\n<p style=\"text-align: justify;\">Na acusa\u00e7\u00e3o, o MPF (Minist\u00e9rio P\u00fablico Federal) apontou o uso de influ\u00eancia pol\u00edtica de Jos\u00e9 Dirceu para &#8220;indicar e manter pessoas na Petrobras \u2014 recebendo, em troca, valores indevidos sobre os contratos celebrados entre a estatal e a Engevix&#8221;.<\/p>\n<p style=\"text-align: justify;\">O desembargador ainda citou durante a vota\u00e7\u00e3o que Dirceu teria recebido mais de R$ 15 milh\u00f5es em propinas e feito a lavagem de mais de R$ 10 milh\u00f5es, segundo os autos, corroborando a decis\u00e3o dos magistrados nas condena\u00e7\u00f5es.<\/p>\n","protected":false},"excerpt":{"rendered":"<p>A Quinta Turma do STJ (Superior Tribunal de Justi\u00e7a) decidiu manter a condena\u00e7\u00e3o do ex-ministro Jos\u00e9 Dirceu e de outros r\u00e9us no \u00e2mbito da Opera\u00e7\u00e3o Lava Jato. Segundo o site do STJ, a decis\u00e3o foi uma confirma\u00e7\u00e3o do ato monocr\u00e1tico do desembargador convocado Leopoldo de Arruda Raposo. O TRF-4 (Tribunal Regional Federal da 4\u00aa Regi\u00e3o) [&hellip;]<\/p>\n","protected":false},"author":2,"featured_media":169996,"comment_status":"open","ping_status":"open","sticky":false,"template":"","format":"standard","meta":{"_monsterinsights_skip_tracking":false,"_monsterinsights_sitenote_active":false,"_monsterinsights_sitenote_note":"","_monsterinsights_sitenote_category":0},"categories":[30260,2528,30259],"tags":[],"aioseo_notices":[],"_links":{"self":[{"href":"https:\/\/mspontocom.com.br\/site\/wp-json\/wp\/v2\/posts\/169985"}],"collection":[{"href":"https:\/\/mspontocom.com.br\/site\/wp-json\/wp\/v2\/posts"}],"about":[{"href":"https:\/\/mspontocom.com.br\/site\/wp-json\/wp\/v2\/types\/post"}],"author":[{"embeddable":true,"href":"https:\/\/mspontocom.com.br\/site\/wp-json\/wp\/v2\/users\/2"}],"replies":[{"embeddable":true,"href":"https:\/\/mspontocom.com.br\/site\/wp-json\/wp\/v2\/comments?post=169985"}],"version-history":[{"count":2,"href":"https:\/\/mspontocom.com.br\/site\/wp-json\/wp\/v2\/posts\/169985\/revisions"}],"predecessor-version":[{"id":169997,"href":"https:\/\/mspontocom.com.br\/site\/wp-json\/wp\/v2\/posts\/169985\/revisions\/169997"}],"wp:featuredmedia":[{"embeddable":true,"href":"https:\/\/mspontocom.com.br\/site\/wp-json\/wp\/v2\/media\/169996"}],"wp:attachment":[{"href":"https:\/\/mspontocom.com.br\/site\/wp-json\/wp\/v2\/media?parent=169985"}],"wp:term":[{"taxonomy":"category","embeddable":true,"href":"https:\/\/mspontocom.com.br\/site\/wp-json\/wp\/v2\/categories?post=169985"},{"taxonomy":"post_tag","embeddable":true,"href":"https:\/\/mspontocom.com.br\/site\/wp-json\/wp\/v2\/tags?post=169985"}],"curies":[{"name":"wp","href":"https:\/\/api.w.org\/{rel}","templated":true}]}}