{"id":170014,"date":"2022-04-21T07:14:42","date_gmt":"2022-04-21T11:14:42","guid":{"rendered":"https:\/\/mspontocom.com.br\/site\/?p=170014"},"modified":"2022-04-21T07:14:42","modified_gmt":"2022-04-21T11:14:42","slug":"maior-convencao-da-assembleia-de-deus-declara-apoio-a-bolsonaro","status":"publish","type":"post","link":"https:\/\/mspontocom.com.br\/site\/maior-convencao-da-assembleia-de-deus-declara-apoio-a-bolsonaro\/","title":{"rendered":"Maior conven\u00e7\u00e3o da Assembleia de Deus declara apoio a Bolsonaro"},"content":{"rendered":"<p style=\"text-align: justify;\"><img loading=\"lazy\" class=\"alignnone size-full wp-image-170020\" src=\"https:\/\/mspontocom.com.br\/site\/wp-content\/uploads\/2022\/04\/site-maior-convencao-da-assembleia-de-deus-declara-apoio-a-bolsonaro-asse-e1650539486385.jpg\" alt=\"\" width=\"447\" height=\"270\" srcset=\"https:\/\/mspontocom.com.br\/site\/wp-content\/uploads\/2022\/04\/site-maior-convencao-da-assembleia-de-deus-declara-apoio-a-bolsonaro-asse-e1650539486385.jpg 447w, https:\/\/mspontocom.com.br\/site\/wp-content\/uploads\/2022\/04\/site-maior-convencao-da-assembleia-de-deus-declara-apoio-a-bolsonaro-asse-e1650539486385-260x157.jpg 260w\" sizes=\"(max-width: 447px) 100vw, 447px\" \/><\/p>\n<p style=\"text-align: justify;\">A c\u00fapula da\u00a0<strong>Conven\u00e7\u00e3o Geral das Assembleias de Deus no Brasil<\/strong>\u00a0(CGADB), a mais tradicional desse segmento evang\u00e9lico no Pa\u00eds, selou alian\u00e7a para apoiar a campanha de reelei\u00e7\u00e3o do presidente <strong>Jair Bolsonaro.<\/strong><\/p>\n<p style=\"text-align: justify;\">O apoio foi dado publicamente por l\u00edderes da institui\u00e7\u00e3o na Assembleia Geral Ordin\u00e1ria da conven\u00e7\u00e3o, que ocorreu em Cuiab\u00e1, em um dos maiores templos da igreja no Brasil.<\/p>\n<p style=\"text-align: justify;\">O grupo \u00e9 liderado pelo pastor\u00a0<strong>Jos\u00e9 Wellington Bezerra da Costa<\/strong>.<\/p>\n<p style=\"text-align: justify;\">Pol\u00edticos do PL e do Republicanos, partidos da base do governo, devem lan\u00e7ar uma s\u00e9rie de candidatos da Assembleia de Deus ao Congresso e \u00e0s Assembleias Legislativas neste ano para aumentar a bancada religiosa.<\/p>\n<p style=\"text-align: justify;\"><strong>Bolsonaro<\/strong>\u00a0foi recebido no evento ao lado do ex-ministro da Defesa Walter Braga Neto, escolhido como candidato a vice na chapa.<\/p>\n<p style=\"text-align: justify;\">\u201cO Deus a quem ele honra com certeza o honrar\u00e1 no pr\u00f3ximo m\u00eas de outubro, no dia da elei\u00e7\u00e3o geral. O senhor \u00e9 o nosso pr\u00e9-candidato, mas esperamos que no m\u00eas de outubro, para envergonhar o Diabo, para dizer \u00e0quela gente que n\u00e3o gosta dos crentes, que Jesus Cristo, o Senhor, dar\u00e1 a este homem a vit\u00f3ria no primeiro turno, se Deus assim permitir\u201d, afirmou o patriarca Jos\u00e9 Wellington, em discurso na conven\u00e7\u00e3o.<\/p>\n<p style=\"text-align: justify;\">Em tom de campanha eleitoral, <strong>Bolsonaro<\/strong> afirmou estar em uma \u201cluta do bem contra o mal\u201d e disse que os valores crist\u00e3os est\u00e3o \u201camea\u00e7ados\u201d.<\/p>\n","protected":false},"excerpt":{"rendered":"<p>A c\u00fapula da\u00a0Conven\u00e7\u00e3o Geral das Assembleias de Deus no Brasil\u00a0(CGADB), a mais tradicional desse segmento evang\u00e9lico no Pa\u00eds, selou alian\u00e7a para apoiar a campanha de reelei\u00e7\u00e3o do presidente Jair Bolsonaro. O apoio foi dado publicamente por l\u00edderes da institui\u00e7\u00e3o na Assembleia Geral Ordin\u00e1ria da conven\u00e7\u00e3o, que ocorreu em Cuiab\u00e1, em um dos maiores templos da [&hellip;]<\/p>\n","protected":false},"author":2,"featured_media":170020,"comment_status":"open","ping_status":"open","sticky":false,"template":"","format":"standard","meta":{"_monsterinsights_skip_tracking":false,"_monsterinsights_sitenote_active":false,"_monsterinsights_sitenote_note":"","_monsterinsights_sitenote_category":0},"categories":[30260,30259,12],"tags":[],"aioseo_notices":[],"_links":{"self":[{"href":"https:\/\/mspontocom.com.br\/site\/wp-json\/wp\/v2\/posts\/170014"}],"collection":[{"href":"https:\/\/mspontocom.com.br\/site\/wp-json\/wp\/v2\/posts"}],"about":[{"href":"https:\/\/mspontocom.com.br\/site\/wp-json\/wp\/v2\/types\/post"}],"author":[{"embeddable":true,"href":"https:\/\/mspontocom.com.br\/site\/wp-json\/wp\/v2\/users\/2"}],"replies":[{"embeddable":true,"href":"https:\/\/mspontocom.com.br\/site\/wp-json\/wp\/v2\/comments?post=170014"}],"version-history":[{"count":2,"href":"https:\/\/mspontocom.com.br\/site\/wp-json\/wp\/v2\/posts\/170014\/revisions"}],"predecessor-version":[{"id":170021,"href":"https:\/\/mspontocom.com.br\/site\/wp-json\/wp\/v2\/posts\/170014\/revisions\/170021"}],"wp:featuredmedia":[{"embeddable":true,"href":"https:\/\/mspontocom.com.br\/site\/wp-json\/wp\/v2\/media\/170020"}],"wp:attachment":[{"href":"https:\/\/mspontocom.com.br\/site\/wp-json\/wp\/v2\/media?parent=170014"}],"wp:term":[{"taxonomy":"category","embeddable":true,"href":"https:\/\/mspontocom.com.br\/site\/wp-json\/wp\/v2\/categories?post=170014"},{"taxonomy":"post_tag","embeddable":true,"href":"https:\/\/mspontocom.com.br\/site\/wp-json\/wp\/v2\/tags?post=170014"}],"curies":[{"name":"wp","href":"https:\/\/api.w.org\/{rel}","templated":true}]}}