{"id":170040,"date":"2022-04-21T09:36:35","date_gmt":"2022-04-21T13:36:35","guid":{"rendered":"https:\/\/mspontocom.com.br\/site\/?p=170040"},"modified":"2022-04-21T09:36:35","modified_gmt":"2022-04-21T13:36:35","slug":"apos-criticas-ao-stf-mspontocom-e-censurado-pelo-facebook","status":"publish","type":"post","link":"https:\/\/mspontocom.com.br\/site\/apos-criticas-ao-stf-mspontocom-e-censurado-pelo-facebook\/","title":{"rendered":"Ap\u00f3s cr\u00edticas ao STF, mspontocom \u00e9 censurado pelo Facebook"},"content":{"rendered":"<p style=\"text-align: justify;\"><img loading=\"lazy\" class=\"alignnone size-large wp-image-170042\" src=\"https:\/\/mspontocom.com.br\/site\/wp-content\/uploads\/2022\/04\/site-apos-criticas-ao-stf-mspontocom-e-censurado-pelo-facebook-imagem-1024x614.png\" alt=\"\" width=\"1024\" height=\"614\" srcset=\"https:\/\/mspontocom.com.br\/site\/wp-content\/uploads\/2022\/04\/site-apos-criticas-ao-stf-mspontocom-e-censurado-pelo-facebook-imagem-1024x614.png 1024w, https:\/\/mspontocom.com.br\/site\/wp-content\/uploads\/2022\/04\/site-apos-criticas-ao-stf-mspontocom-e-censurado-pelo-facebook-imagem-260x156.png 260w, https:\/\/mspontocom.com.br\/site\/wp-content\/uploads\/2022\/04\/site-apos-criticas-ao-stf-mspontocom-e-censurado-pelo-facebook-imagem-768x461.png 768w, https:\/\/mspontocom.com.br\/site\/wp-content\/uploads\/2022\/04\/site-apos-criticas-ao-stf-mspontocom-e-censurado-pelo-facebook-imagem.png 1280w\" sizes=\"(max-width: 1024px) 100vw, 1024px\" \/><\/p>\n<p style=\"text-align: justify;\">Ao publicar nesta manh\u00e3 de quinta-feira a mat\u00e9ria intitulada\u00a0<span style=\"font-size: 14pt;\"><b>Supremo decide: Criticar STF n\u00e3o pode. Roubar a Petrobras pode,\u00a0 <\/b>o site mspontocom foi censurado pela rede social Facebook.<\/span><\/p>\n<p style=\"text-align: justify;\">A mat\u00e9ria tecia cr\u00edticas a incoer\u00eancia do Supremo Tribunal Federal\u00a0 em condenar o deputado <strong>Daniel Silveira<\/strong> \u00e0 pris\u00e3o por manifesta\u00e7\u00f5es dentro do seu direito \u00e0<strong> liberdade de express\u00e3o<\/strong>, enquanto em um golpe jur\u00eddico libertava em 2019 o agora <strong>ex-corrupto Lula.\u00a0\u00a0<\/strong><\/p>\n<p style=\"text-align: justify;\">A luta continua.<\/p>\n","protected":false},"excerpt":{"rendered":"<p>Ao publicar nesta manh\u00e3 de quinta-feira a mat\u00e9ria intitulada\u00a0Supremo decide: Criticar STF n\u00e3o pode. Roubar a Petrobras pode,\u00a0 o site mspontocom foi censurado pela rede social Facebook. A mat\u00e9ria tecia cr\u00edticas a incoer\u00eancia do Supremo Tribunal Federal\u00a0 em condenar o deputado Daniel Silveira \u00e0 pris\u00e3o por manifesta\u00e7\u00f5es dentro do seu direito \u00e0 liberdade de express\u00e3o, [&hellip;]<\/p>\n","protected":false},"author":2,"featured_media":170042,"comment_status":"open","ping_status":"open","sticky":false,"template":"","format":"standard","meta":{"_monsterinsights_skip_tracking":false,"_monsterinsights_sitenote_active":false,"_monsterinsights_sitenote_note":"","_monsterinsights_sitenote_category":0},"categories":[6,30259],"tags":[7907,32570,6587],"aioseo_notices":[],"_links":{"self":[{"href":"https:\/\/mspontocom.com.br\/site\/wp-json\/wp\/v2\/posts\/170040"}],"collection":[{"href":"https:\/\/mspontocom.com.br\/site\/wp-json\/wp\/v2\/posts"}],"about":[{"href":"https:\/\/mspontocom.com.br\/site\/wp-json\/wp\/v2\/types\/post"}],"author":[{"embeddable":true,"href":"https:\/\/mspontocom.com.br\/site\/wp-json\/wp\/v2\/users\/2"}],"replies":[{"embeddable":true,"href":"https:\/\/mspontocom.com.br\/site\/wp-json\/wp\/v2\/comments?post=170040"}],"version-history":[{"count":2,"href":"https:\/\/mspontocom.com.br\/site\/wp-json\/wp\/v2\/posts\/170040\/revisions"}],"predecessor-version":[{"id":170044,"href":"https:\/\/mspontocom.com.br\/site\/wp-json\/wp\/v2\/posts\/170040\/revisions\/170044"}],"wp:featuredmedia":[{"embeddable":true,"href":"https:\/\/mspontocom.com.br\/site\/wp-json\/wp\/v2\/media\/170042"}],"wp:attachment":[{"href":"https:\/\/mspontocom.com.br\/site\/wp-json\/wp\/v2\/media?parent=170040"}],"wp:term":[{"taxonomy":"category","embeddable":true,"href":"https:\/\/mspontocom.com.br\/site\/wp-json\/wp\/v2\/categories?post=170040"},{"taxonomy":"post_tag","embeddable":true,"href":"https:\/\/mspontocom.com.br\/site\/wp-json\/wp\/v2\/tags?post=170040"}],"curies":[{"name":"wp","href":"https:\/\/api.w.org\/{rel}","templated":true}]}}