{"id":170050,"date":"2022-04-22T06:50:48","date_gmt":"2022-04-22T10:50:48","guid":{"rendered":"https:\/\/mspontocom.com.br\/site\/?p=170050"},"modified":"2022-04-22T06:50:48","modified_gmt":"2022-04-22T10:50:48","slug":"marco-aurelio-defende-daniel-silveira-e-afirma-que-stf-ressuscitou-lula","status":"publish","type":"post","link":"https:\/\/mspontocom.com.br\/site\/marco-aurelio-defende-daniel-silveira-e-afirma-que-stf-ressuscitou-lula\/","title":{"rendered":"Marco Aur\u00e9lio defende Daniel Silveira e afirma que STF \u2018ressuscitou Lula\u2019"},"content":{"rendered":"<p style=\"text-align: justify;\"><img loading=\"lazy\" class=\"alignnone size-full wp-image-170060\" src=\"https:\/\/mspontocom.com.br\/site\/wp-content\/uploads\/2022\/04\/site-marco-aurelio-defende-daniel-silveira-e-afirma-que-stf-ressuscitou-lula-marco-e1650624525316.jpg\" alt=\"\" width=\"643\" height=\"361\" srcset=\"https:\/\/mspontocom.com.br\/site\/wp-content\/uploads\/2022\/04\/site-marco-aurelio-defende-daniel-silveira-e-afirma-que-stf-ressuscitou-lula-marco-e1650624525316.jpg 643w, https:\/\/mspontocom.com.br\/site\/wp-content\/uploads\/2022\/04\/site-marco-aurelio-defende-daniel-silveira-e-afirma-que-stf-ressuscitou-lula-marco-e1650624525316-260x146.jpg 260w\" sizes=\"(max-width: 643px) 100vw, 643px\" \/><\/p>\n<p style=\"text-align: justify;\">O ex-ministro do STF\u00a0<strong>Marco Aur\u00e9lio Mello<\/strong> saiu em defesa do deputado federal <strong>Daniel Silveira<\/strong> (PTB-RJ).<\/p>\n<p style=\"text-align: justify;\">Durante um evento promovido pelo Centro Brasileiro de Rela\u00e7\u00f5es Internacionais, o magistrado qualificou o inqu\u00e9rito contra o parlamentar de \u201calgo muito s\u00e9rio\u201d.<\/p>\n<p style=\"text-align: justify;\">\u201cVejo, no processo-crime aludido ao deputado federal, um obst\u00e1culo muito s\u00e9rio de desrespeito \u00e0 imunidade, como, por exemplo, a tornozeleira que lhe foi imposta\u201d, afirmou<strong> Marco Aur\u00e9lio Mello.\u00a0<\/strong><\/p>\n<p style=\"text-align: justify;\">Durante o seu pronunciamento, o ex-ministro do STF comentou a reabilita\u00e7\u00e3o dos direitos pol\u00edticos de <strong>Lula,<\/strong> assegurados pela Corte no ano passado.<\/p>\n<p style=\"text-align: justify;\">\u201cTivemos um caso de processos findos em que se aceitou a incompet\u00eancia territorial do \u00f3rg\u00e3o julgador e se<strong> ressuscitou<\/strong> um candidato, quem sabe, para fazer frente a uma candidatura \u00e0 reelei\u00e7\u00e3o\u201d, observou. \u201cRessuscitou-se algu\u00e9m que j\u00e1 estava, inclusive, <strong>cumprindo pena.\u201d<\/strong><\/p>\n","protected":false},"excerpt":{"rendered":"<p>O ex-ministro do STF\u00a0Marco Aur\u00e9lio Mello saiu em defesa do deputado federal Daniel Silveira (PTB-RJ). Durante um evento promovido pelo Centro Brasileiro de Rela\u00e7\u00f5es Internacionais, o magistrado qualificou o inqu\u00e9rito contra o parlamentar de \u201calgo muito s\u00e9rio\u201d. \u201cVejo, no processo-crime aludido ao deputado federal, um obst\u00e1culo muito s\u00e9rio de desrespeito \u00e0 imunidade, como, por exemplo, [&hellip;]<\/p>\n","protected":false},"author":2,"featured_media":170060,"comment_status":"open","ping_status":"open","sticky":false,"template":"","format":"standard","meta":{"_monsterinsights_skip_tracking":false,"_monsterinsights_sitenote_active":false,"_monsterinsights_sitenote_note":"","_monsterinsights_sitenote_category":0},"categories":[6,30260,30259],"tags":[37168,480,7910,259],"aioseo_notices":[],"_links":{"self":[{"href":"https:\/\/mspontocom.com.br\/site\/wp-json\/wp\/v2\/posts\/170050"}],"collection":[{"href":"https:\/\/mspontocom.com.br\/site\/wp-json\/wp\/v2\/posts"}],"about":[{"href":"https:\/\/mspontocom.com.br\/site\/wp-json\/wp\/v2\/types\/post"}],"author":[{"embeddable":true,"href":"https:\/\/mspontocom.com.br\/site\/wp-json\/wp\/v2\/users\/2"}],"replies":[{"embeddable":true,"href":"https:\/\/mspontocom.com.br\/site\/wp-json\/wp\/v2\/comments?post=170050"}],"version-history":[{"count":2,"href":"https:\/\/mspontocom.com.br\/site\/wp-json\/wp\/v2\/posts\/170050\/revisions"}],"predecessor-version":[{"id":170061,"href":"https:\/\/mspontocom.com.br\/site\/wp-json\/wp\/v2\/posts\/170050\/revisions\/170061"}],"wp:featuredmedia":[{"embeddable":true,"href":"https:\/\/mspontocom.com.br\/site\/wp-json\/wp\/v2\/media\/170060"}],"wp:attachment":[{"href":"https:\/\/mspontocom.com.br\/site\/wp-json\/wp\/v2\/media?parent=170050"}],"wp:term":[{"taxonomy":"category","embeddable":true,"href":"https:\/\/mspontocom.com.br\/site\/wp-json\/wp\/v2\/categories?post=170050"},{"taxonomy":"post_tag","embeddable":true,"href":"https:\/\/mspontocom.com.br\/site\/wp-json\/wp\/v2\/tags?post=170050"}],"curies":[{"name":"wp","href":"https:\/\/api.w.org\/{rel}","templated":true}]}}