{"id":170054,"date":"2022-04-22T07:08:04","date_gmt":"2022-04-22T11:08:04","guid":{"rendered":"https:\/\/mspontocom.com.br\/site\/?p=170054"},"modified":"2022-04-22T07:08:04","modified_gmt":"2022-04-22T11:08:04","slug":"em-queda-nas-pesquisas-pt-troca-marqueteiro-de-campanha-de-lula","status":"publish","type":"post","link":"https:\/\/mspontocom.com.br\/site\/em-queda-nas-pesquisas-pt-troca-marqueteiro-de-campanha-de-lula\/","title":{"rendered":"Em queda nas pesquisas, PT troca marqueteiro de campanha de Lula"},"content":{"rendered":"<p style=\"text-align: justify;\"><img loading=\"lazy\" class=\"alignnone size-full wp-image-170065\" src=\"https:\/\/mspontocom.com.br\/site\/wp-content\/uploads\/2022\/04\/site-pt-troca-marqueteiro-de-campanha-de-lula-lula-01-e1650625610198.jpg\" alt=\"\" width=\"870\" height=\"553\" srcset=\"https:\/\/mspontocom.com.br\/site\/wp-content\/uploads\/2022\/04\/site-pt-troca-marqueteiro-de-campanha-de-lula-lula-01-e1650625610198.jpg 870w, https:\/\/mspontocom.com.br\/site\/wp-content\/uploads\/2022\/04\/site-pt-troca-marqueteiro-de-campanha-de-lula-lula-01-e1650625610198-260x165.jpg 260w, https:\/\/mspontocom.com.br\/site\/wp-content\/uploads\/2022\/04\/site-pt-troca-marqueteiro-de-campanha-de-lula-lula-01-e1650625610198-768x488.jpg 768w\" sizes=\"(max-width: 870px) 100vw, 870px\" \/><\/p>\n<p style=\"text-align: justify;\">O <strong>PT<\/strong> anunciou nesta quinta-feira, 21, que o marqueteiro Augusto Fonseca<strong>\u00a0<\/strong>vai deixar comando da comunica\u00e7\u00e3o da campanha do ex-presidente <b>Lula\u00a0<\/b>PT) ao Pal\u00e1cio do Planalto.<\/p>\n<p style=\"text-align: justify;\">O publicit\u00e1rio\u00a0<strong>Sid\u00f4nio Palmeira<\/strong>\u00a0\u00e9 o nome mais cotado para o posto e j\u00e1 foi at\u00e9 sondado por dirigentes petistas.<\/p>\n<p style=\"text-align: justify;\">Em nota, o partido disse que \u201craz\u00f5es administrativas e financeiras\u201d levaram a sigla a interromper a contrata\u00e7\u00e3o da produtora MPB Estrat\u00e9gia e Cria\u00e7\u00e3o, ag\u00eancia de Fonsenca.<\/p>\n<p style=\"text-align: justify;\"><strong>Briga<\/strong><\/p>\n<div id=\"n--noticia__content\" class=\"n--noticia__content content already-sliced already-checked\" style=\"text-align: justify;\" data-paywall-wrapper=\"\">\n<p>Uma disputa pelo comando da comunica\u00e7\u00e3o no partido colocou a perman\u00eancia de Fonseca em xeque.<\/p>\n<p>Nos \u00faltimos dias, as diverg\u00eancias no comit\u00ea de Lula aumentaram, com troca de acusa\u00e7\u00f5es entre o coordenador de Comunica\u00e7\u00e3o da campanha, <strong>Franklin Martins<\/strong>, e o secret\u00e1rio<strong>\u00a0Jilmar Tatto<\/strong>.<\/p>\n<p>A propaganda partid\u00e1ria na TV foi considerada despolitizada por aliados de Tatto.<\/p>\n<p>Fonseca havia dito que as acusa\u00e7\u00f5es de que os comerciais do PT exibiram um Lula \u201cprotocolar\u201d eram \u201cconversa mole\u201d.<\/p>\n<p>&nbsp;<\/p>\n<\/div>\n<div class=\"n--noticias__more\" style=\"text-align: justify;\"><\/div>\n<div style=\"text-align: justify;\">fonte: O Estado<\/div>\n","protected":false},"excerpt":{"rendered":"<p>O PT anunciou nesta quinta-feira, 21, que o marqueteiro Augusto Fonseca\u00a0vai deixar comando da comunica\u00e7\u00e3o da campanha do ex-presidente Lula\u00a0PT) ao Pal\u00e1cio do Planalto. O publicit\u00e1rio\u00a0Sid\u00f4nio Palmeira\u00a0\u00e9 o nome mais cotado para o posto e j\u00e1 foi at\u00e9 sondado por dirigentes petistas. Em nota, o partido disse que \u201craz\u00f5es administrativas e financeiras\u201d levaram a sigla [&hellip;]<\/p>\n","protected":false},"author":2,"featured_media":170065,"comment_status":"open","ping_status":"open","sticky":false,"template":"","format":"standard","meta":{"_monsterinsights_skip_tracking":false,"_monsterinsights_sitenote_active":false,"_monsterinsights_sitenote_note":"","_monsterinsights_sitenote_category":0},"categories":[30260,30259,12],"tags":[37848,17368,533,27125],"aioseo_notices":[],"_links":{"self":[{"href":"https:\/\/mspontocom.com.br\/site\/wp-json\/wp\/v2\/posts\/170054"}],"collection":[{"href":"https:\/\/mspontocom.com.br\/site\/wp-json\/wp\/v2\/posts"}],"about":[{"href":"https:\/\/mspontocom.com.br\/site\/wp-json\/wp\/v2\/types\/post"}],"author":[{"embeddable":true,"href":"https:\/\/mspontocom.com.br\/site\/wp-json\/wp\/v2\/users\/2"}],"replies":[{"embeddable":true,"href":"https:\/\/mspontocom.com.br\/site\/wp-json\/wp\/v2\/comments?post=170054"}],"version-history":[{"count":2,"href":"https:\/\/mspontocom.com.br\/site\/wp-json\/wp\/v2\/posts\/170054\/revisions"}],"predecessor-version":[{"id":170066,"href":"https:\/\/mspontocom.com.br\/site\/wp-json\/wp\/v2\/posts\/170054\/revisions\/170066"}],"wp:featuredmedia":[{"embeddable":true,"href":"https:\/\/mspontocom.com.br\/site\/wp-json\/wp\/v2\/media\/170065"}],"wp:attachment":[{"href":"https:\/\/mspontocom.com.br\/site\/wp-json\/wp\/v2\/media?parent=170054"}],"wp:term":[{"taxonomy":"category","embeddable":true,"href":"https:\/\/mspontocom.com.br\/site\/wp-json\/wp\/v2\/categories?post=170054"},{"taxonomy":"post_tag","embeddable":true,"href":"https:\/\/mspontocom.com.br\/site\/wp-json\/wp\/v2\/tags?post=170054"}],"curies":[{"name":"wp","href":"https:\/\/api.w.org\/{rel}","templated":true}]}}