{"id":170078,"date":"2022-04-23T06:03:05","date_gmt":"2022-04-23T10:03:05","guid":{"rendered":"https:\/\/mspontocom.com.br\/site\/?p=170078"},"modified":"2022-04-23T06:03:05","modified_gmt":"2022-04-23T10:03:05","slug":"ives-gandra-martins-stf-nao-pode-ir-contra-propria-decisao","status":"publish","type":"post","link":"https:\/\/mspontocom.com.br\/site\/ives-gandra-martins-stf-nao-pode-ir-contra-propria-decisao\/","title":{"rendered":"Ives Gandra Martins: \u2018STF n\u00e3o pode ir contra pr\u00f3pria decis\u00e3o\u2019"},"content":{"rendered":"<p style=\"text-align: justify;\"><img loading=\"lazy\" class=\"alignnone size-full wp-image-170090\" src=\"https:\/\/mspontocom.com.br\/site\/wp-content\/uploads\/2022\/04\/site-ives-gandra-martins-stf-nao-pode-ir-contra-propria-decisao-stf-2-e8b5f394-e1650708055495.png\" alt=\"\" width=\"778\" height=\"475\" srcset=\"https:\/\/mspontocom.com.br\/site\/wp-content\/uploads\/2022\/04\/site-ives-gandra-martins-stf-nao-pode-ir-contra-propria-decisao-stf-2-e8b5f394-e1650708055495.png 778w, https:\/\/mspontocom.com.br\/site\/wp-content\/uploads\/2022\/04\/site-ives-gandra-martins-stf-nao-pode-ir-contra-propria-decisao-stf-2-e8b5f394-e1650708055495-260x159.png 260w, https:\/\/mspontocom.com.br\/site\/wp-content\/uploads\/2022\/04\/site-ives-gandra-martins-stf-nao-pode-ir-contra-propria-decisao-stf-2-e8b5f394-e1650708055495-768x469.png 768w\" sizes=\"(max-width: 778px) 100vw, 778px\" \/><\/p>\n<p style=\"text-align: justify;\">Para o jurista <strong>Ives Gandra Martins,<\/strong> o STF n\u00e3o pode ir contra a pr\u00f3pria jurisprud\u00eancia e tentar anular ou derrubar o decreto presidencial, assinado por<strong> Jair Bolsonaro<\/strong> (PL), que concedeu o indulto ao deputado federal <strong>Daniel Silveira<\/strong> (PTB-RJ).<\/p>\n<p style=\"text-align: justify;\">De acordo com o jurista, em 2019 o STF reconheceu a constitucionalidade de um decreto editado em 2017 pelo ex-presidente Michel Temer que perdoava penas de pessoas condenadas na<strong> Opera\u00e7\u00e3o Lava Jato. <\/strong><\/p>\n<p style=\"text-align: justify;\"><span style=\"color: #ff0000;\"><strong>Gandra Martins avalia que, se tiver de analisar a situa\u00e7\u00e3o de Silveira, o STF n\u00e3o pode tomar uma decis\u00e3o que seja contr\u00e1ria a algo que j\u00e1 estabelecera anteriormente.<\/strong><\/span><\/p>\n<h2 style=\"text-align: justify;\"><span style=\"font-size: 14pt;\">Em 2018, o jurista criticou Barroso<\/span><\/h2>\n<p style=\"text-align: justify;\">Em um v\u00eddeo publicado em 2018, Ives Gandra Martins criticou a abordagem do ministro do STF Lu\u00eds Roberto Barroso sobre indulto de Natal.<\/p>\n<p style=\"text-align: justify;\">Na \u00e9poca, Barroso votou para suspender parte do decreto editado pelo ex-presidente Michel Temer para condenados por crimes de corrup\u00e7\u00e3o.<\/p>\n<p style=\"text-align: justify;\">Ele lembrou que o artigo 84 da Constitui\u00e7\u00e3o afirma que o<strong> indulto \u00e9 uma compet\u00eancia privativa e exclusiva do presidente da Rep\u00fablica.<\/strong><\/p>\n<p style=\"text-align: justify;\">\n","protected":false},"excerpt":{"rendered":"<p>Para o jurista Ives Gandra Martins, o STF n\u00e3o pode ir contra a pr\u00f3pria jurisprud\u00eancia e tentar anular ou derrubar o decreto presidencial, assinado por Jair Bolsonaro (PL), que concedeu o indulto ao deputado federal Daniel Silveira (PTB-RJ). De acordo com o jurista, em 2019 o STF reconheceu a constitucionalidade de um decreto editado em [&hellip;]<\/p>\n","protected":false},"author":2,"featured_media":170090,"comment_status":"open","ping_status":"open","sticky":false,"template":"","format":"standard","meta":{"_monsterinsights_skip_tracking":false,"_monsterinsights_sitenote_active":false,"_monsterinsights_sitenote_note":"","_monsterinsights_sitenote_category":0},"categories":[30260,2528,30259],"tags":[37168,28126,37850,14948,3014],"aioseo_notices":[],"_links":{"self":[{"href":"https:\/\/mspontocom.com.br\/site\/wp-json\/wp\/v2\/posts\/170078"}],"collection":[{"href":"https:\/\/mspontocom.com.br\/site\/wp-json\/wp\/v2\/posts"}],"about":[{"href":"https:\/\/mspontocom.com.br\/site\/wp-json\/wp\/v2\/types\/post"}],"author":[{"embeddable":true,"href":"https:\/\/mspontocom.com.br\/site\/wp-json\/wp\/v2\/users\/2"}],"replies":[{"embeddable":true,"href":"https:\/\/mspontocom.com.br\/site\/wp-json\/wp\/v2\/comments?post=170078"}],"version-history":[{"count":2,"href":"https:\/\/mspontocom.com.br\/site\/wp-json\/wp\/v2\/posts\/170078\/revisions"}],"predecessor-version":[{"id":170091,"href":"https:\/\/mspontocom.com.br\/site\/wp-json\/wp\/v2\/posts\/170078\/revisions\/170091"}],"wp:featuredmedia":[{"embeddable":true,"href":"https:\/\/mspontocom.com.br\/site\/wp-json\/wp\/v2\/media\/170090"}],"wp:attachment":[{"href":"https:\/\/mspontocom.com.br\/site\/wp-json\/wp\/v2\/media?parent=170078"}],"wp:term":[{"taxonomy":"category","embeddable":true,"href":"https:\/\/mspontocom.com.br\/site\/wp-json\/wp\/v2\/categories?post=170078"},{"taxonomy":"post_tag","embeddable":true,"href":"https:\/\/mspontocom.com.br\/site\/wp-json\/wp\/v2\/tags?post=170078"}],"curies":[{"name":"wp","href":"https:\/\/api.w.org\/{rel}","templated":true}]}}