{"id":170080,"date":"2022-04-23T05:56:33","date_gmt":"2022-04-23T09:56:33","guid":{"rendered":"https:\/\/mspontocom.com.br\/site\/?p=170080"},"modified":"2022-04-23T05:56:33","modified_gmt":"2022-04-23T09:56:33","slug":"clube-militar-celebra-perdao-de-bolsonaro-e-ataca-stf-cheiro-podre","status":"publish","type":"post","link":"https:\/\/mspontocom.com.br\/site\/clube-militar-celebra-perdao-de-bolsonaro-e-ataca-stf-cheiro-podre\/","title":{"rendered":"Clube Militar celebra perd\u00e3o de Bolsonaro e ataca STF: &#8216;Cheiro podre&#8221;"},"content":{"rendered":"<p style=\"text-align: justify;\"><img loading=\"lazy\" class=\"alignnone size-full wp-image-170088\" src=\"https:\/\/mspontocom.com.br\/site\/wp-content\/uploads\/2022\/04\/site-clube-militar-celebra-perdao-de-bolsonaro-e-ataca-stf-cheiro-podre-militar-e1650707704265.jpeg\" alt=\"\" width=\"671\" height=\"373\" srcset=\"https:\/\/mspontocom.com.br\/site\/wp-content\/uploads\/2022\/04\/site-clube-militar-celebra-perdao-de-bolsonaro-e-ataca-stf-cheiro-podre-militar-e1650707704265.jpeg 671w, https:\/\/mspontocom.com.br\/site\/wp-content\/uploads\/2022\/04\/site-clube-militar-celebra-perdao-de-bolsonaro-e-ataca-stf-cheiro-podre-militar-e1650707704265-260x145.jpeg 260w\" sizes=\"(max-width: 671px) 100vw, 671px\" \/><\/p>\n<p style=\"text-align: justify;\">O presidente do<strong> Clube Militar,<\/strong> o general de divis\u00e3o Eduardo Jos\u00e9 Barbosa, (foto) publicou nota celebrando a gra\u00e7a concedida pelo presidente<strong> Jair Bolsonaro<\/strong> (PL) ao deputado federal <strong>Daniel Silveira<\/strong> (PTB-RJ).<\/p>\n<p style=\"text-align: justify;\">No texto, Barbosa tamb\u00e9m atacou ministros do<strong> STF<\/strong>\u00a0, Corte que havia condenado o parlamentar na quarta-feira (20) a oito anos e nove meses de pris\u00e3o, por supostas amea\u00e7as aos ministros do Supremo.<\/p>\n<p style=\"text-align: justify;\">Para o general, Bolsonaro ter usado o indulto individual, ou perd\u00e3o, para anular a puni\u00e7\u00e3o de Silveira &#8220;restabeleceu o estado de direito, constantemente ignorado por alguns Ministros da Suprema Corte com suas interpreta\u00e7\u00f5es parciais e antipatri\u00f3ticas&#8221;.<\/p>\n<p style=\"text-align: justify;\">Barbosa ainda disse ser &#8220;lament\u00e1vel&#8221; o Brasil ter ministros <strong>&#8220;cujas togas n\u00e3o serviriam nem para ser usadas como pano de ch\u00e3o, pelo cheiro de podre que exalam&#8221;<\/strong>.<\/p>\n<p style=\"text-align: justify;\">\n","protected":false},"excerpt":{"rendered":"<p>O presidente do Clube Militar, o general de divis\u00e3o Eduardo Jos\u00e9 Barbosa, (foto) publicou nota celebrando a gra\u00e7a concedida pelo presidente Jair Bolsonaro (PL) ao deputado federal Daniel Silveira (PTB-RJ). No texto, Barbosa tamb\u00e9m atacou ministros do STF\u00a0, Corte que havia condenado o parlamentar na quarta-feira (20) a oito anos e nove meses de pris\u00e3o, [&hellip;]<\/p>\n","protected":false},"author":2,"featured_media":170088,"comment_status":"open","ping_status":"open","sticky":false,"template":"","format":"standard","meta":{"_monsterinsights_skip_tracking":false,"_monsterinsights_sitenote_active":false,"_monsterinsights_sitenote_note":"","_monsterinsights_sitenote_category":0},"categories":[6,30260,30259],"tags":[33694,3014],"aioseo_notices":[],"_links":{"self":[{"href":"https:\/\/mspontocom.com.br\/site\/wp-json\/wp\/v2\/posts\/170080"}],"collection":[{"href":"https:\/\/mspontocom.com.br\/site\/wp-json\/wp\/v2\/posts"}],"about":[{"href":"https:\/\/mspontocom.com.br\/site\/wp-json\/wp\/v2\/types\/post"}],"author":[{"embeddable":true,"href":"https:\/\/mspontocom.com.br\/site\/wp-json\/wp\/v2\/users\/2"}],"replies":[{"embeddable":true,"href":"https:\/\/mspontocom.com.br\/site\/wp-json\/wp\/v2\/comments?post=170080"}],"version-history":[{"count":2,"href":"https:\/\/mspontocom.com.br\/site\/wp-json\/wp\/v2\/posts\/170080\/revisions"}],"predecessor-version":[{"id":170089,"href":"https:\/\/mspontocom.com.br\/site\/wp-json\/wp\/v2\/posts\/170080\/revisions\/170089"}],"wp:featuredmedia":[{"embeddable":true,"href":"https:\/\/mspontocom.com.br\/site\/wp-json\/wp\/v2\/media\/170088"}],"wp:attachment":[{"href":"https:\/\/mspontocom.com.br\/site\/wp-json\/wp\/v2\/media?parent=170080"}],"wp:term":[{"taxonomy":"category","embeddable":true,"href":"https:\/\/mspontocom.com.br\/site\/wp-json\/wp\/v2\/categories?post=170080"},{"taxonomy":"post_tag","embeddable":true,"href":"https:\/\/mspontocom.com.br\/site\/wp-json\/wp\/v2\/tags?post=170080"}],"curies":[{"name":"wp","href":"https:\/\/api.w.org\/{rel}","templated":true}]}}