{"id":170103,"date":"2022-04-24T06:33:38","date_gmt":"2022-04-24T10:33:38","guid":{"rendered":"https:\/\/mspontocom.com.br\/site\/?p=170103"},"modified":"2022-04-24T06:33:38","modified_gmt":"2022-04-24T10:33:38","slug":"indulto-dado-a-silveira-nao-e-recorrivel-ao-stf-diz-modesto-carvalhosa","status":"publish","type":"post","link":"https:\/\/mspontocom.com.br\/site\/indulto-dado-a-silveira-nao-e-recorrivel-ao-stf-diz-modesto-carvalhosa\/","title":{"rendered":"Indulto dado a Silveira \u2018n\u00e3o \u00e9 recorr\u00edvel\u2019 ao STF, diz Modesto Carvalhosa"},"content":{"rendered":"<p style=\"text-align: justify;\"><img loading=\"lazy\" class=\"alignnone size-full wp-image-170104\" src=\"https:\/\/mspontocom.com.br\/site\/wp-content\/uploads\/2022\/04\/site-indulto-dado-a-silveira-nao-e-recorrivel-ao-stf-diz-modesto-carvalhosa-modestocarvalhosa.jpg\" alt=\"\" width=\"964\" height=\"590\" srcset=\"https:\/\/mspontocom.com.br\/site\/wp-content\/uploads\/2022\/04\/site-indulto-dado-a-silveira-nao-e-recorrivel-ao-stf-diz-modesto-carvalhosa-modestocarvalhosa.jpg 964w, https:\/\/mspontocom.com.br\/site\/wp-content\/uploads\/2022\/04\/site-indulto-dado-a-silveira-nao-e-recorrivel-ao-stf-diz-modesto-carvalhosa-modestocarvalhosa-260x159.jpg 260w, https:\/\/mspontocom.com.br\/site\/wp-content\/uploads\/2022\/04\/site-indulto-dado-a-silveira-nao-e-recorrivel-ao-stf-diz-modesto-carvalhosa-modestocarvalhosa-768x470.jpg 768w\" sizes=\"(max-width: 964px) 100vw, 964px\" \/><\/p>\n<p style=\"text-align: justify;\">O jurista <strong>Modesto Carvalhosa<\/strong> disse que o perd\u00e3o dado pelo presidente <strong>Jair Bolsonaro<\/strong> (PL) ao deputado <strong>Daniel Silveira<\/strong> (PTB-RJ) n\u00e3o \u00e9 \u201crecorr\u00edvel ao Supremo Tribunal Federal\u201d.<\/p>\n<p style=\"text-align: justify;\">\u201cEste ato do presidente da Rep\u00fablica n\u00e3o pode ser objeto de revis\u00e3o judicial\u201d, declarou.<\/p>\n<p style=\"text-align: justify;\">Em entrevista a <strong>Revista<\/strong>\u00a0<strong>Oeste<\/strong>, Carvalhosa afirmou que, em defesa do Estado Democr\u00e1tico de Direito, aponta irregularidades \u201cvenham de onde vier as amea\u00e7as\u201d e ressaltou que n\u00e3o \u00e9 bolsonarista.<\/p>\n<p style=\"text-align: justify;\">O ex-professor da USP tamb\u00e9m avaliou que a gra\u00e7a presidencial pode ser dada a algu\u00e9m que est\u00e1 amea\u00e7ado de ser condenado, perseguido ou injusti\u00e7ado.<\/p>\n<p style=\"text-align: justify;\">\n","protected":false},"excerpt":{"rendered":"<p>O jurista Modesto Carvalhosa disse que o perd\u00e3o dado pelo presidente Jair Bolsonaro (PL) ao deputado Daniel Silveira (PTB-RJ) n\u00e3o \u00e9 \u201crecorr\u00edvel ao Supremo Tribunal Federal\u201d. \u201cEste ato do presidente da Rep\u00fablica n\u00e3o pode ser objeto de revis\u00e3o judicial\u201d, declarou. Em entrevista a Revista\u00a0Oeste, Carvalhosa afirmou que, em defesa do Estado Democr\u00e1tico de Direito, aponta [&hellip;]<\/p>\n","protected":false},"author":2,"featured_media":170104,"comment_status":"open","ping_status":"open","sticky":false,"template":"","format":"standard","meta":{"_monsterinsights_skip_tracking":false,"_monsterinsights_sitenote_active":false,"_monsterinsights_sitenote_note":"","_monsterinsights_sitenote_category":0},"categories":[6,30260,2528,30259],"tags":[28126,31447,1360,3014],"aioseo_notices":[],"_links":{"self":[{"href":"https:\/\/mspontocom.com.br\/site\/wp-json\/wp\/v2\/posts\/170103"}],"collection":[{"href":"https:\/\/mspontocom.com.br\/site\/wp-json\/wp\/v2\/posts"}],"about":[{"href":"https:\/\/mspontocom.com.br\/site\/wp-json\/wp\/v2\/types\/post"}],"author":[{"embeddable":true,"href":"https:\/\/mspontocom.com.br\/site\/wp-json\/wp\/v2\/users\/2"}],"replies":[{"embeddable":true,"href":"https:\/\/mspontocom.com.br\/site\/wp-json\/wp\/v2\/comments?post=170103"}],"version-history":[{"count":1,"href":"https:\/\/mspontocom.com.br\/site\/wp-json\/wp\/v2\/posts\/170103\/revisions"}],"predecessor-version":[{"id":170105,"href":"https:\/\/mspontocom.com.br\/site\/wp-json\/wp\/v2\/posts\/170103\/revisions\/170105"}],"wp:featuredmedia":[{"embeddable":true,"href":"https:\/\/mspontocom.com.br\/site\/wp-json\/wp\/v2\/media\/170104"}],"wp:attachment":[{"href":"https:\/\/mspontocom.com.br\/site\/wp-json\/wp\/v2\/media?parent=170103"}],"wp:term":[{"taxonomy":"category","embeddable":true,"href":"https:\/\/mspontocom.com.br\/site\/wp-json\/wp\/v2\/categories?post=170103"},{"taxonomy":"post_tag","embeddable":true,"href":"https:\/\/mspontocom.com.br\/site\/wp-json\/wp\/v2\/tags?post=170103"}],"curies":[{"name":"wp","href":"https:\/\/api.w.org\/{rel}","templated":true}]}}