{"id":170108,"date":"2022-04-25T06:06:33","date_gmt":"2022-04-25T10:06:33","guid":{"rendered":"https:\/\/mspontocom.com.br\/site\/?p=170108"},"modified":"2022-04-25T06:06:33","modified_gmt":"2022-04-25T10:06:33","slug":"bolsonaro-orienta-resposta-dos-militares-a-luis-roberto-barroso","status":"publish","type":"post","link":"https:\/\/mspontocom.com.br\/site\/bolsonaro-orienta-resposta-dos-militares-a-luis-roberto-barroso\/","title":{"rendered":"Bolsonaro orienta resposta dos militares a Luis Roberto Barroso"},"content":{"rendered":"<p style=\"text-align: justify;\"><img loading=\"lazy\" class=\"alignnone size-full wp-image-170116\" src=\"https:\/\/mspontocom.com.br\/site\/wp-content\/uploads\/2022\/04\/site-bolsonaro-orienta-resposta-dos-militares-a-luis-roberto-barroso-barroso2-e1650881094675.jpg\" alt=\"\" width=\"754\" height=\"481\" srcset=\"https:\/\/mspontocom.com.br\/site\/wp-content\/uploads\/2022\/04\/site-bolsonaro-orienta-resposta-dos-militares-a-luis-roberto-barroso-barroso2-e1650881094675.jpg 754w, https:\/\/mspontocom.com.br\/site\/wp-content\/uploads\/2022\/04\/site-bolsonaro-orienta-resposta-dos-militares-a-luis-roberto-barroso-barroso2-e1650881094675-260x166.jpg 260w\" sizes=\"(max-width: 754px) 100vw, 754px\" \/>Uma carta conjunta dos <strong>clubes militares<\/strong> das tr\u00eas For\u00e7as Armadas, entidades comandadas por oficiais da reserva, faz cr\u00edticas ao que chama de &#8220;partidarismo pol\u00edtico&#8221; do<b>\u00a0STF.<\/b><\/p>\n<p style=\"text-align: justify;\">\u00a0No documento os clubes manifestam apoio a<strong> Jair Bolsonaro\u00a0<\/strong>e defendem o perd\u00e3o concedido ao deputado <strong>Daniel Silveira<\/strong>\u00a0(PTB-RJ) por &#8220;sustentar a democracia e a liberdade de express\u00e3o&#8221;.<\/p>\n<p style=\"text-align: justify;\">Em nota, o general tachou de &#8220;irrespons\u00e1vel&#8221; e considerou &#8220;ofensa grave&#8221; a afirma\u00e7\u00e3o do magistrado de que as<strong> For\u00e7as Armadas<\/strong> t\u00eam sido &#8220;orientadas&#8221; a atacar o sistema eleitoral.<\/p>\n<p style=\"text-align: justify;\">Foi por ordem expressa de Bolsonaro que o chefe da pasta da Defesa, general Paulo S\u00e9rgio de Oliveira, reagiu a declara\u00e7\u00f5es feitas pelo ministro do<strong> Lu\u00eds Roberto Barroso. <\/strong><\/p>\n<p style=\"text-align: justify;\">Embora n\u00e3o tenha sido explicitamente mencionado como respons\u00e1vel por orientar os militares ao processo de vota\u00e7\u00e3o eletr\u00f4nica, o recordou embate que teve com Barroso em fevereiro.<\/p>\n<p style=\"text-align: justify;\">Numa de suas transmiss\u00f5es semanais ao vivo pelas redes sociais, Bolsonaro declarou que o TSE, ent\u00e3o presidido por Barroso, &#8220;ficou em sil\u00eancio&#8221; ao receber &#8220;dezenas de vulnerabilidades&#8221; identificadas pelo Ex\u00e9rcito no sistema eletr\u00f4nico de vota\u00e7\u00e3o.<\/p>\n","protected":false},"excerpt":{"rendered":"<p>Uma carta conjunta dos clubes militares das tr\u00eas For\u00e7as Armadas, entidades comandadas por oficiais da reserva, faz cr\u00edticas ao que chama de &#8220;partidarismo pol\u00edtico&#8221; do\u00a0STF. \u00a0No documento os clubes manifestam apoio a Jair Bolsonaro\u00a0e defendem o perd\u00e3o concedido ao deputado Daniel Silveira\u00a0(PTB-RJ) por &#8220;sustentar a democracia e a liberdade de express\u00e3o&#8221;. Em nota, o general [&hellip;]<\/p>\n","protected":false},"author":2,"featured_media":170116,"comment_status":"open","ping_status":"open","sticky":false,"template":"","format":"standard","meta":{"_monsterinsights_skip_tracking":false,"_monsterinsights_sitenote_active":false,"_monsterinsights_sitenote_note":"","_monsterinsights_sitenote_category":0},"categories":[6,30260,30259,12],"tags":[33587,21017,24285,33694,3014],"aioseo_notices":[],"_links":{"self":[{"href":"https:\/\/mspontocom.com.br\/site\/wp-json\/wp\/v2\/posts\/170108"}],"collection":[{"href":"https:\/\/mspontocom.com.br\/site\/wp-json\/wp\/v2\/posts"}],"about":[{"href":"https:\/\/mspontocom.com.br\/site\/wp-json\/wp\/v2\/types\/post"}],"author":[{"embeddable":true,"href":"https:\/\/mspontocom.com.br\/site\/wp-json\/wp\/v2\/users\/2"}],"replies":[{"embeddable":true,"href":"https:\/\/mspontocom.com.br\/site\/wp-json\/wp\/v2\/comments?post=170108"}],"version-history":[{"count":2,"href":"https:\/\/mspontocom.com.br\/site\/wp-json\/wp\/v2\/posts\/170108\/revisions"}],"predecessor-version":[{"id":170117,"href":"https:\/\/mspontocom.com.br\/site\/wp-json\/wp\/v2\/posts\/170108\/revisions\/170117"}],"wp:featuredmedia":[{"embeddable":true,"href":"https:\/\/mspontocom.com.br\/site\/wp-json\/wp\/v2\/media\/170116"}],"wp:attachment":[{"href":"https:\/\/mspontocom.com.br\/site\/wp-json\/wp\/v2\/media?parent=170108"}],"wp:term":[{"taxonomy":"category","embeddable":true,"href":"https:\/\/mspontocom.com.br\/site\/wp-json\/wp\/v2\/categories?post=170108"},{"taxonomy":"post_tag","embeddable":true,"href":"https:\/\/mspontocom.com.br\/site\/wp-json\/wp\/v2\/tags?post=170108"}],"curies":[{"name":"wp","href":"https:\/\/api.w.org\/{rel}","templated":true}]}}