{"id":170135,"date":"2022-04-26T06:14:07","date_gmt":"2022-04-26T10:14:07","guid":{"rendered":"https:\/\/mspontocom.com.br\/site\/?p=170135"},"modified":"2022-04-26T07:35:13","modified_gmt":"2022-04-26T11:35:13","slug":"apoiadores-de-bolsonaro-celebram-venda-do-twitter-a-elon-musk","status":"publish","type":"post","link":"https:\/\/mspontocom.com.br\/site\/apoiadores-de-bolsonaro-celebram-venda-do-twitter-a-elon-musk\/","title":{"rendered":"Apoiadores de Bolsonaro celebram venda do Twitter a Elon Musk"},"content":{"rendered":"<p style=\"text-align: justify;\"><img loading=\"lazy\" class=\"alignnone size-full wp-image-170141\" src=\"https:\/\/mspontocom.com.br\/site\/wp-content\/uploads\/2022\/04\/site-apoiadores-de-bolsonaristas-celebram-venda-do-twitter-a-elon-musk-musk-00-e1650967898923.jpeg\" alt=\"\" width=\"871\" height=\"529\" srcset=\"https:\/\/mspontocom.com.br\/site\/wp-content\/uploads\/2022\/04\/site-apoiadores-de-bolsonaristas-celebram-venda-do-twitter-a-elon-musk-musk-00-e1650967898923.jpeg 871w, https:\/\/mspontocom.com.br\/site\/wp-content\/uploads\/2022\/04\/site-apoiadores-de-bolsonaristas-celebram-venda-do-twitter-a-elon-musk-musk-00-e1650967898923-260x158.jpeg 260w, https:\/\/mspontocom.com.br\/site\/wp-content\/uploads\/2022\/04\/site-apoiadores-de-bolsonaristas-celebram-venda-do-twitter-a-elon-musk-musk-00-e1650967898923-768x466.jpeg 768w\" sizes=\"(max-width: 871px) 100vw, 871px\" \/><\/p>\n<p style=\"text-align: justify;\">Apoiadores do presidente <strong>Jair Bolsonaro<\/strong> (PL) comemoram\u00a0 a compra do <strong>Twitter<\/strong> pelo CEO da Tesla e da SpaceX, <strong>Elon Musk. <\/strong><\/p>\n<p style=\"text-align: justify;\">Em mais de uma ocasi\u00e3o, Musk afirmou que a rede social n\u00e3o est\u00e1 cumprindo seu potencial como uma \u201cplataforma de liberdade de express\u00e3o\u201d.<\/p>\n<p style=\"text-align: justify;\">Bolsonaro compartilhou uma publica\u00e7\u00e3o sobre liberdade de express\u00e3o feita por Musk nesta\u00a02\u00aa feira.<\/p>\n<p style=\"text-align: justify;\">\u201cEspero que at\u00e9 meus piores cr\u00edticos permane\u00e7am no Twitter, porque \u00e9 isso que significa liberdade de express\u00e3o\u201d, escreveu Musk, no post retuitado pelo chefe do Executivo.<\/p>\n","protected":false},"excerpt":{"rendered":"<p>Apoiadores do presidente Jair Bolsonaro (PL) comemoram\u00a0 a compra do Twitter pelo CEO da Tesla e da SpaceX, Elon Musk. Em mais de uma ocasi\u00e3o, Musk afirmou que a rede social n\u00e3o est\u00e1 cumprindo seu potencial como uma \u201cplataforma de liberdade de express\u00e3o\u201d. Bolsonaro compartilhou uma publica\u00e7\u00e3o sobre liberdade de express\u00e3o feita por Musk nesta\u00a02\u00aa [&hellip;]<\/p>\n","protected":false},"author":2,"featured_media":170141,"comment_status":"open","ping_status":"open","sticky":false,"template":"","format":"standard","meta":{"_monsterinsights_skip_tracking":false,"_monsterinsights_sitenote_active":false,"_monsterinsights_sitenote_note":"","_monsterinsights_sitenote_category":0},"categories":[30260,7,30259],"tags":[21017,37373,829],"aioseo_notices":[],"_links":{"self":[{"href":"https:\/\/mspontocom.com.br\/site\/wp-json\/wp\/v2\/posts\/170135"}],"collection":[{"href":"https:\/\/mspontocom.com.br\/site\/wp-json\/wp\/v2\/posts"}],"about":[{"href":"https:\/\/mspontocom.com.br\/site\/wp-json\/wp\/v2\/types\/post"}],"author":[{"embeddable":true,"href":"https:\/\/mspontocom.com.br\/site\/wp-json\/wp\/v2\/users\/2"}],"replies":[{"embeddable":true,"href":"https:\/\/mspontocom.com.br\/site\/wp-json\/wp\/v2\/comments?post=170135"}],"version-history":[{"count":3,"href":"https:\/\/mspontocom.com.br\/site\/wp-json\/wp\/v2\/posts\/170135\/revisions"}],"predecessor-version":[{"id":170158,"href":"https:\/\/mspontocom.com.br\/site\/wp-json\/wp\/v2\/posts\/170135\/revisions\/170158"}],"wp:featuredmedia":[{"embeddable":true,"href":"https:\/\/mspontocom.com.br\/site\/wp-json\/wp\/v2\/media\/170141"}],"wp:attachment":[{"href":"https:\/\/mspontocom.com.br\/site\/wp-json\/wp\/v2\/media?parent=170135"}],"wp:term":[{"taxonomy":"category","embeddable":true,"href":"https:\/\/mspontocom.com.br\/site\/wp-json\/wp\/v2\/categories?post=170135"},{"taxonomy":"post_tag","embeddable":true,"href":"https:\/\/mspontocom.com.br\/site\/wp-json\/wp\/v2\/tags?post=170135"}],"curies":[{"name":"wp","href":"https:\/\/api.w.org\/{rel}","templated":true}]}}