{"id":170139,"date":"2022-04-26T06:19:58","date_gmt":"2022-04-26T10:19:58","guid":{"rendered":"https:\/\/mspontocom.com.br\/site\/?p=170139"},"modified":"2022-04-26T06:19:58","modified_gmt":"2022-04-26T10:19:58","slug":"congresso-pede-que-bolsonaro-realize-ato-civico-pela-liberdade-de-expressao","status":"publish","type":"post","link":"https:\/\/mspontocom.com.br\/site\/congresso-pede-que-bolsonaro-realize-ato-civico-pela-liberdade-de-expressao\/","title":{"rendered":"Congresso pede que Bolsonaro realize \u2018ato c\u00edvico pela liberdade de express\u00e3o\u2019"},"content":{"rendered":"<p style=\"text-align: justify;\"><img loading=\"lazy\" class=\"alignnone size-full wp-image-170143\" src=\"https:\/\/mspontocom.com.br\/site\/wp-content\/uploads\/2022\/04\/site-deputados-pedem-que-bolsonaro-realize-ato-civico-pela-liberdade-de-expressao-bolsonaro-bravo-e1650968296531.jpg\" alt=\"\" width=\"606\" height=\"365\" srcset=\"https:\/\/mspontocom.com.br\/site\/wp-content\/uploads\/2022\/04\/site-deputados-pedem-que-bolsonaro-realize-ato-civico-pela-liberdade-de-expressao-bolsonaro-bravo-e1650968296531.jpg 606w, https:\/\/mspontocom.com.br\/site\/wp-content\/uploads\/2022\/04\/site-deputados-pedem-que-bolsonaro-realize-ato-civico-pela-liberdade-de-expressao-bolsonaro-bravo-e1650968296531-260x157.jpg 260w\" sizes=\"(max-width: 606px) 100vw, 606px\" \/><\/p>\n<p style=\"text-align: justify;\">Membros das frentes parlamentares Evang\u00e9lica, da Seguran\u00e7a P\u00fablica e do Agroneg\u00f3cio pediram nesta segunda-feira, 25, que o presidente <strong>Jair Bolsonaro<\/strong> realize um<strong> ato c\u00edvico pela \u201cliberdade de express\u00e3o\u201d. <\/strong><\/p>\n<p style=\"text-align: justify;\">Os <strong>congressistas<\/strong> disseram que \u201co momento pol\u00edtico no pa\u00eds requer equil\u00edbrio e respeito a nossa Constitui\u00e7\u00e3o e o fortalecimento da nossa democracia\u201d, e pediram ao presidente que o <strong>ato seja realizado no Pal\u00e1cio do Planalto na pr\u00f3xima quarta-feira, 27.<\/strong><\/p>\n<p style=\"text-align: justify;\">O pedido ocorre ap\u00f3s o Supremo Tribunal Federal <strong>(STF)<\/strong> decidir pela condena\u00e7\u00e3o do deputado <strong>Daniel Silveira\u00a0<\/strong>(PTB-RJ) a oito anos e nove meses de pris\u00e3o.<\/p>\n<p style=\"text-align: justify;\">Ap\u00f3s a decis\u00e3o do Supremo, Bolsonaro concedeu<strong> indulto<\/strong> ao deputado.<\/p>\n","protected":false},"excerpt":{"rendered":"<p>Membros das frentes parlamentares Evang\u00e9lica, da Seguran\u00e7a P\u00fablica e do Agroneg\u00f3cio pediram nesta segunda-feira, 25, que o presidente Jair Bolsonaro realize um ato c\u00edvico pela \u201cliberdade de express\u00e3o\u201d. Os congressistas disseram que \u201co momento pol\u00edtico no pa\u00eds requer equil\u00edbrio e respeito a nossa Constitui\u00e7\u00e3o e o fortalecimento da nossa democracia\u201d, e pediram ao presidente que [&hellip;]<\/p>\n","protected":false},"author":2,"featured_media":170143,"comment_status":"open","ping_status":"open","sticky":false,"template":"","format":"standard","meta":{"_monsterinsights_skip_tracking":false,"_monsterinsights_sitenote_active":false,"_monsterinsights_sitenote_note":"","_monsterinsights_sitenote_category":0},"categories":[6,30260,30259],"tags":[37857,21017,2576,35727],"aioseo_notices":[],"_links":{"self":[{"href":"https:\/\/mspontocom.com.br\/site\/wp-json\/wp\/v2\/posts\/170139"}],"collection":[{"href":"https:\/\/mspontocom.com.br\/site\/wp-json\/wp\/v2\/posts"}],"about":[{"href":"https:\/\/mspontocom.com.br\/site\/wp-json\/wp\/v2\/types\/post"}],"author":[{"embeddable":true,"href":"https:\/\/mspontocom.com.br\/site\/wp-json\/wp\/v2\/users\/2"}],"replies":[{"embeddable":true,"href":"https:\/\/mspontocom.com.br\/site\/wp-json\/wp\/v2\/comments?post=170139"}],"version-history":[{"count":2,"href":"https:\/\/mspontocom.com.br\/site\/wp-json\/wp\/v2\/posts\/170139\/revisions"}],"predecessor-version":[{"id":170144,"href":"https:\/\/mspontocom.com.br\/site\/wp-json\/wp\/v2\/posts\/170139\/revisions\/170144"}],"wp:featuredmedia":[{"embeddable":true,"href":"https:\/\/mspontocom.com.br\/site\/wp-json\/wp\/v2\/media\/170143"}],"wp:attachment":[{"href":"https:\/\/mspontocom.com.br\/site\/wp-json\/wp\/v2\/media?parent=170139"}],"wp:term":[{"taxonomy":"category","embeddable":true,"href":"https:\/\/mspontocom.com.br\/site\/wp-json\/wp\/v2\/categories?post=170139"},{"taxonomy":"post_tag","embeddable":true,"href":"https:\/\/mspontocom.com.br\/site\/wp-json\/wp\/v2\/tags?post=170139"}],"curies":[{"name":"wp","href":"https:\/\/api.w.org\/{rel}","templated":true}]}}