{"id":170147,"date":"2022-04-26T05:24:30","date_gmt":"2022-04-26T09:24:30","guid":{"rendered":"https:\/\/mspontocom.com.br\/site\/?p=170147"},"modified":"2022-04-26T06:50:45","modified_gmt":"2022-04-26T10:50:45","slug":"deputado-acusa-ministro-barroso-de-espalhar-fake-news","status":"publish","type":"post","link":"https:\/\/mspontocom.com.br\/site\/deputado-acusa-ministro-barroso-de-espalhar-fake-news\/","title":{"rendered":"Deputado acusa ministro Barroso de espalhar fake news"},"content":{"rendered":"<p style=\"text-align: justify;\"><img loading=\"lazy\" class=\"alignnone size-full wp-image-170149\" src=\"https:\/\/mspontocom.com.br\/site\/wp-content\/uploads\/2022\/04\/site-deputado-acusa-barroso-de-espalhar-fake-news-barroso2-e1650970155250.jpg\" alt=\"\" width=\"754\" height=\"474\" srcset=\"https:\/\/mspontocom.com.br\/site\/wp-content\/uploads\/2022\/04\/site-deputado-acusa-barroso-de-espalhar-fake-news-barroso2-e1650970155250.jpg 754w, https:\/\/mspontocom.com.br\/site\/wp-content\/uploads\/2022\/04\/site-deputado-acusa-barroso-de-espalhar-fake-news-barroso2-e1650970155250-260x163.jpg 260w\" sizes=\"(max-width: 754px) 100vw, 754px\" \/>O ministro do STF<strong> Lu\u00eds Roberto Barroso<\/strong> agora \u00e9 acusado de disseminar <strong>\u201cfake news<\/strong>\u201d, por ter acusado as For\u00e7as Armadas de serem \u201corientadas\u201d a desacreditar o sistema eleitoral.<\/p>\n<p style=\"text-align: justify;\">A acusa\u00e7\u00e3o sem provas de Barroso valeu nota de rep\u00fadio do general Paulo S\u00e9rgio, ministro da Defesa, para quem Barroso foi \u201cirrespons\u00e1vel\u201d, e a<strong> acusa\u00e7\u00e3o de espalhar not\u00edcias falsas. <\/strong><\/p>\n<p style=\"text-align: justify;\">\u201cN\u00e3o \u00e9 a primeira vez que o ministro incorre em fake news para manipular a opini\u00e3o p\u00fablica\u201d, diz sem rodeios o deputado <strong>Jos\u00e9 Medeiros<\/strong> (Pode-MT).<\/p>\n<div id=\"Nota-2\" class=\"entry-block ch-nota Nota-2\" style=\"text-align: justify;\">\n<h3>Voto em c\u00e9dula fake<\/h3>\n<\/div>\n<p style=\"text-align: justify;\">\u201cNo debate sobre as urnas, ele dizia que era a volta ao voto em c\u00e9dula\u201d, lembra o deputado, referindo-se a fake news sobre vota\u00e7\u00e3o eletr\u00f4nica.<\/p>\n<p style=\"text-align: justify;\"><strong>\u2018Parece militante\u2019<\/strong><\/p>\n<p style=\"text-align: justify;\">\u201cEle destila \u00f3dio de madrasta contra o presidente\u201d, afirma Medeiros. \u201cJ\u00e1 n\u00e3o se posta mais como ministro e sim como um militante\u201d, ataca.<\/p>\n<p style=\"text-align: justify;\">\n<p style=\"text-align: justify;\">fonte: Diario do Poder<\/p>\n","protected":false},"excerpt":{"rendered":"<p>O ministro do STF Lu\u00eds Roberto Barroso agora \u00e9 acusado de disseminar \u201cfake news\u201d, por ter acusado as For\u00e7as Armadas de serem \u201corientadas\u201d a desacreditar o sistema eleitoral. A acusa\u00e7\u00e3o sem provas de Barroso valeu nota de rep\u00fadio do general Paulo S\u00e9rgio, ministro da Defesa, para quem Barroso foi \u201cirrespons\u00e1vel\u201d, e a acusa\u00e7\u00e3o de espalhar [&hellip;]<\/p>\n","protected":false},"author":2,"featured_media":170149,"comment_status":"open","ping_status":"open","sticky":false,"template":"","format":"standard","meta":{"_monsterinsights_skip_tracking":false,"_monsterinsights_sitenote_active":false,"_monsterinsights_sitenote_note":"","_monsterinsights_sitenote_category":0},"categories":[6,30260,30259],"tags":[33587,30654],"aioseo_notices":[],"_links":{"self":[{"href":"https:\/\/mspontocom.com.br\/site\/wp-json\/wp\/v2\/posts\/170147"}],"collection":[{"href":"https:\/\/mspontocom.com.br\/site\/wp-json\/wp\/v2\/posts"}],"about":[{"href":"https:\/\/mspontocom.com.br\/site\/wp-json\/wp\/v2\/types\/post"}],"author":[{"embeddable":true,"href":"https:\/\/mspontocom.com.br\/site\/wp-json\/wp\/v2\/users\/2"}],"replies":[{"embeddable":true,"href":"https:\/\/mspontocom.com.br\/site\/wp-json\/wp\/v2\/comments?post=170147"}],"version-history":[{"count":2,"href":"https:\/\/mspontocom.com.br\/site\/wp-json\/wp\/v2\/posts\/170147\/revisions"}],"predecessor-version":[{"id":170150,"href":"https:\/\/mspontocom.com.br\/site\/wp-json\/wp\/v2\/posts\/170147\/revisions\/170150"}],"wp:featuredmedia":[{"embeddable":true,"href":"https:\/\/mspontocom.com.br\/site\/wp-json\/wp\/v2\/media\/170149"}],"wp:attachment":[{"href":"https:\/\/mspontocom.com.br\/site\/wp-json\/wp\/v2\/media?parent=170147"}],"wp:term":[{"taxonomy":"category","embeddable":true,"href":"https:\/\/mspontocom.com.br\/site\/wp-json\/wp\/v2\/categories?post=170147"},{"taxonomy":"post_tag","embeddable":true,"href":"https:\/\/mspontocom.com.br\/site\/wp-json\/wp\/v2\/tags?post=170147"}],"curies":[{"name":"wp","href":"https:\/\/api.w.org\/{rel}","templated":true}]}}