{"id":170167,"date":"2022-04-27T06:29:17","date_gmt":"2022-04-27T10:29:17","guid":{"rendered":"https:\/\/mspontocom.com.br\/site\/?p=170167"},"modified":"2022-04-27T06:29:17","modified_gmt":"2022-04-27T10:29:17","slug":"senado-quer-convocar-barroso-para-que-explique-declaracoes-politicas","status":"publish","type":"post","link":"https:\/\/mspontocom.com.br\/site\/senado-quer-convocar-barroso-para-que-explique-declaracoes-politicas\/","title":{"rendered":"Senado quer convocar Barroso para que explique declara\u00e7\u00f5es pol\u00edticas"},"content":{"rendered":"<p style=\"text-align: justify;\"><img loading=\"lazy\" class=\"alignnone size-full wp-image-170181\" src=\"https:\/\/mspontocom.com.br\/site\/wp-content\/uploads\/2022\/04\/site-senado-quer-convocalasier-quer-que-barroso-va-ao-senado-explicar-declaracoes-politicas-barroso2-e1651055191265.jpg\" alt=\"\" width=\"746\" height=\"445\" srcset=\"https:\/\/mspontocom.com.br\/site\/wp-content\/uploads\/2022\/04\/site-senado-quer-convocalasier-quer-que-barroso-va-ao-senado-explicar-declaracoes-politicas-barroso2-e1651055191265.jpg 746w, https:\/\/mspontocom.com.br\/site\/wp-content\/uploads\/2022\/04\/site-senado-quer-convocalasier-quer-que-barroso-va-ao-senado-explicar-declaracoes-politicas-barroso2-e1651055191265-260x155.jpg 260w\" sizes=\"(max-width: 746px) 100vw, 746px\" \/><\/p>\n<p style=\"text-align: justify;\">O senador <strong>Lasier Martins<\/strong> (Podemos-RS) apresentou requerimento para que o ministro <strong>Lu\u00eds Roberto Barroso<\/strong>, do Supremo Tribunal Federal (STF), v\u00e1 ao Senado prestar esclarecimentos sobre suas declara\u00e7\u00f5es de teor pol\u00edtico, para \u201cevitar conflitos que ameacem a harmonia entre os Poderes\u201d.<\/p>\n<p style=\"text-align: justify;\"><strong>\u201cTemos visto ministros do STF fazendo declara\u00e7\u00f5es pol\u00edticas, que geram ressentimentos e abalam as institui\u00e7\u00f5es\u201d<\/strong>, disse.<\/p>\n<p style=\"text-align: justify;\">Entre as \u201cdeclara\u00e7\u00f5es infelizes\u201d de Barroso, Lasier citou as que fez no \u00faltimo domingo (24) em semin\u00e1rio promovido pela universidade alem\u00e3 Hertie School, no qual insinua que as <strong>For\u00e7as Armadas<\/strong> est\u00e3o sendo orientadas a atacar o processo eleitoral.<\/p>\n<p style=\"text-align: justify;\">O senador lembrou ainda que ministro provocou pol\u00eamica tamb\u00e9m no semin\u00e1rio \u201cDitching a President\u201d <strong>(\u201cLivrando-se de um presidente\u201d)<\/strong>, realizado em 19 de fevereiro na Faculdade de Direito da Universidade do Texas (EUA). \u201c\u00c9 pouqu\u00edssimo razo\u00e1vel a participa\u00e7\u00e3o de membro da mais alta Corte do pa\u00eds num evento com tem\u00e1tica t\u00e3o antidemocr\u00e1tica\u201d, disse.<\/p>\n","protected":false},"excerpt":{"rendered":"<p>O senador Lasier Martins (Podemos-RS) apresentou requerimento para que o ministro Lu\u00eds Roberto Barroso, do Supremo Tribunal Federal (STF), v\u00e1 ao Senado prestar esclarecimentos sobre suas declara\u00e7\u00f5es de teor pol\u00edtico, para \u201cevitar conflitos que ameacem a harmonia entre os Poderes\u201d. \u201cTemos visto ministros do STF fazendo declara\u00e7\u00f5es pol\u00edticas, que geram ressentimentos e abalam as institui\u00e7\u00f5es\u201d, [&hellip;]<\/p>\n","protected":false},"author":2,"featured_media":170181,"comment_status":"open","ping_status":"open","sticky":false,"template":"","format":"standard","meta":{"_monsterinsights_skip_tracking":false,"_monsterinsights_sitenote_active":false,"_monsterinsights_sitenote_note":"","_monsterinsights_sitenote_category":0},"categories":[30260,30259,12],"tags":[33587,37859,914],"aioseo_notices":[],"_links":{"self":[{"href":"https:\/\/mspontocom.com.br\/site\/wp-json\/wp\/v2\/posts\/170167"}],"collection":[{"href":"https:\/\/mspontocom.com.br\/site\/wp-json\/wp\/v2\/posts"}],"about":[{"href":"https:\/\/mspontocom.com.br\/site\/wp-json\/wp\/v2\/types\/post"}],"author":[{"embeddable":true,"href":"https:\/\/mspontocom.com.br\/site\/wp-json\/wp\/v2\/users\/2"}],"replies":[{"embeddable":true,"href":"https:\/\/mspontocom.com.br\/site\/wp-json\/wp\/v2\/comments?post=170167"}],"version-history":[{"count":2,"href":"https:\/\/mspontocom.com.br\/site\/wp-json\/wp\/v2\/posts\/170167\/revisions"}],"predecessor-version":[{"id":170182,"href":"https:\/\/mspontocom.com.br\/site\/wp-json\/wp\/v2\/posts\/170167\/revisions\/170182"}],"wp:featuredmedia":[{"embeddable":true,"href":"https:\/\/mspontocom.com.br\/site\/wp-json\/wp\/v2\/media\/170181"}],"wp:attachment":[{"href":"https:\/\/mspontocom.com.br\/site\/wp-json\/wp\/v2\/media?parent=170167"}],"wp:term":[{"taxonomy":"category","embeddable":true,"href":"https:\/\/mspontocom.com.br\/site\/wp-json\/wp\/v2\/categories?post=170167"},{"taxonomy":"post_tag","embeddable":true,"href":"https:\/\/mspontocom.com.br\/site\/wp-json\/wp\/v2\/tags?post=170167"}],"curies":[{"name":"wp","href":"https:\/\/api.w.org\/{rel}","templated":true}]}}